{"id":5760,"date":"2023-12-02T22:12:26","date_gmt":"2023-12-02T21:12:26","guid":{"rendered":"https:\/\/nafentmagazine.com\/abel-balderstone-el-jove-ciclista-catala-finisher-de-la-vuelta\/"},"modified":"2024-11-20T21:57:23","modified_gmt":"2024-11-20T20:57:23","slug":"abel-balderstone-el-jove-ciclista-catala-finisher-de-la-vuelta","status":"publish","type":"post","link":"https:\/\/nafentmagazine.com\/ca\/abel-balderstone-el-jove-ciclista-catala-finisher-de-la-vuelta\/","title":{"rendered":"Abel Balderstone: el jove ciclista catal\u00e0, finisher de la Vuelta"},"content":{"rendered":"\t\t<div data-elementor-type=\"wp-post\" data-elementor-id=\"5760\" class=\"elementor elementor-5760 elementor-5739\">\n\t\t\t\t\t\t<section class=\"elementor-section elementor-top-section elementor-element elementor-element-7fa7ff6f elementor-section-full_width elementor-section-stretched elementor-section-height-default elementor-section-height-default\" data-id=\"7fa7ff6f\" data-element_type=\"section\" data-e-type=\"section\" data-settings=\"{&quot;background_background&quot;:&quot;classic&quot;,&quot;stretch_section&quot;:&quot;section-stretched&quot;}\">\n\t\t\t\t\t\t\t<div class=\"elementor-background-overlay\"><\/div>\n\t\t\t\t\t\t\t<div class=\"elementor-container elementor-column-gap-no\">\n\t\t\t\t\t<div class=\"elementor-column elementor-col-100 elementor-top-column elementor-element elementor-element-5c59e0bd\" data-id=\"5c59e0bd\" data-element_type=\"column\" data-e-type=\"column\">\n\t\t\t<div class=\"elementor-widget-wrap\">\n\t\t\t\t\t\t\t<\/div>\n\t\t<\/div>\n\t\t\t\t\t<\/div>\n\t\t<\/section>\n\t\t\t\t<section class=\"elementor-section elementor-top-section elementor-element elementor-element-393722bb elementor-section-boxed elementor-section-height-default elementor-section-height-default\" data-id=\"393722bb\" data-element_type=\"section\" data-e-type=\"section\">\n\t\t\t\t\t\t<div class=\"elementor-container elementor-column-gap-default\">\n\t\t\t\t\t<div class=\"elementor-column elementor-col-100 elementor-top-column elementor-element elementor-element-3be1e1f7\" data-id=\"3be1e1f7\" data-element_type=\"column\" data-e-type=\"column\" data-settings=\"{&quot;background_background&quot;:&quot;classic&quot;}\">\n\t\t\t<div class=\"elementor-widget-wrap elementor-element-populated\">\n\t\t\t\t\t\t<div class=\"elementor-element elementor-element-16aac3b5 elementor-widget elementor-widget-heading\" data-id=\"16aac3b5\" data-element_type=\"widget\" data-e-type=\"widget\" data-widget_type=\"heading.default\">\n\t\t\t\t<div class=\"elementor-widget-container\">\n\t\t\t\t\t<h1 class=\"elementor-heading-title elementor-size-default\">Abel Balderstone: el jove ciclista catal\u00e0, finisher de la Vuelta<\/h1>\t\t\t\t<\/div>\n\t\t\t\t<\/div>\n\t\t\t\t<div class=\"elementor-element elementor-element-293e3858 elementor-widget elementor-widget-text-editor\" data-id=\"293e3858\" data-element_type=\"widget\" data-e-type=\"widget\" data-widget_type=\"text-editor.default\">\n\t\t\t\t<div class=\"elementor-widget-container\">\n\t\t\t\t\t\t\t\t\t<p style=\"font-weight: 400;\"><strong>L\u2019Abel Balderstone va completar tota la Vuelta a Espanya 2023, que comen\u00e7ava a Catalunya. El ciclista de l\u2019equip Caja Rural Seguros RGA reflexiona sobre la seva participaci\u00f3 a la Vuelta i comparteix la seva ruta preferida a Catalunya.<\/strong><\/p>\n<p style=\"font-weight: 400;\">\u00c9s la meva ruta preferida, la que sempre faig quan ve un amic a visitar-me i entrenem junts. Sortint des de casa meva a Ullastrell, ens dirigim directament a Terrassa, on realment comen\u00e7a la nostra ruta. Uns quil\u00f2metres m\u00e9s endavant iniciem la pujada al Port de l\u2019Obac.<\/p>\n\t\t\t\t\t\t\t\t<\/div>\n\t\t\t\t<\/div>\n\t\t\t\t<div class=\"elementor-element elementor-element-6bc8a81f elementor-widget elementor-widget-image\" data-id=\"6bc8a81f\" data-element_type=\"widget\" data-e-type=\"widget\" data-widget_type=\"image.default\">\n\t\t\t\t<div class=\"elementor-widget-container\">\n\t\t\t\t\t\t\t\t\t\t\t\t\t\t\t<img fetchpriority=\"high\" decoding=\"async\" width=\"1024\" height=\"682\" src=\"https:\/\/nafentmagazine.com\/wp-content\/uploads\/2023\/12\/image00004-min-1024x682.jpeg\" class=\"attachment-large size-large wp-image-5743\" alt=\"\" srcset=\"https:\/\/nafentmagazine.com\/wp-content\/uploads\/2023\/12\/image00004-min-1024x682.jpeg 1024w, https:\/\/nafentmagazine.com\/wp-content\/uploads\/2023\/12\/image00004-min-600x400.jpeg 600w, https:\/\/nafentmagazine.com\/wp-content\/uploads\/2023\/12\/image00004-min-300x200.jpeg 300w, https:\/\/nafentmagazine.com\/wp-content\/uploads\/2023\/12\/image00004-min-768x512.jpeg 768w, https:\/\/nafentmagazine.com\/wp-content\/uploads\/2023\/12\/image00004-min.jpeg 1280w\" sizes=\"(max-width: 1024px) 100vw, 1024px\" \/>\t\t\t\t\t\t\t\t\t\t\t\t\t\t\t<\/div>\n\t\t\t\t<\/div>\n\t\t\t\t<div class=\"elementor-element elementor-element-12585f57 elementor-widget elementor-widget-text-editor\" data-id=\"12585f57\" data-element_type=\"widget\" data-e-type=\"widget\" data-widget_type=\"text-editor.default\">\n\t\t\t\t<div class=\"elementor-widget-container\">\n\t\t\t\t\t\t\t\t\t<p style=\"font-weight: 400;\">Continuem el nostre recorregut fins a arribar a Montistrol de Montserrat, on comen\u00e7a la segona pujada: 8,5 quil\u00f2metres amb un pendent mitj\u00e0 del 7%, que ens porta al Monestir de Montserrat.<\/p>\n<p style=\"font-weight: 400;\">Continuem per una carretera ondulada fins a Can Massana, des d\u2019on baixarem a Marganell i al Pont de Vilomara. Un cop all\u00e0, ens endinsem a una carretera molt maca.<\/p>\n<p style=\"font-weight: 400;\">Despr\u00e9s passem pels pobles de Mura i Rocafort seguint una carretera tranquil\u00b7la amb poc tr\u00e0nsit. Aquesta ens porta a una de les meves pujades que m\u00e9s m\u2019agrada, el Coll d\u2019Estenalles, que tamb\u00e9 vam coronar aquest any a La Vuelta. Des d\u2019aquest punt, la major part del tram \u00e9s de descens fins a arribar a Terrassa. <\/p>\n\t\t\t\t\t\t\t\t<\/div>\n\t\t\t\t<\/div>\n\t\t\t\t<div class=\"elementor-element elementor-element-8eb74a8 elementor-widget elementor-widget-image\" data-id=\"8eb74a8\" data-element_type=\"widget\" data-e-type=\"widget\" data-widget_type=\"image.default\">\n\t\t\t\t<div class=\"elementor-widget-container\">\n\t\t\t\t\t\t\t\t\t\t\t\t\t\t\t<img decoding=\"async\" width=\"1024\" height=\"786\" src=\"https:\/\/nafentmagazine.com\/wp-content\/uploads\/2023\/12\/image00001-min-1024x786.jpeg\" class=\"attachment-large size-large wp-image-5747\" alt=\"\" srcset=\"https:\/\/nafentmagazine.com\/wp-content\/uploads\/2023\/12\/image00001-min-1024x786.jpeg 1024w, https:\/\/nafentmagazine.com\/wp-content\/uploads\/2023\/12\/image00001-min-600x460.jpeg 600w, https:\/\/nafentmagazine.com\/wp-content\/uploads\/2023\/12\/image00001-min-300x230.jpeg 300w, https:\/\/nafentmagazine.com\/wp-content\/uploads\/2023\/12\/image00001-min-768x589.jpeg 768w, https:\/\/nafentmagazine.com\/wp-content\/uploads\/2023\/12\/image00001-min.jpeg 1280w\" sizes=\"(max-width: 1024px) 100vw, 1024px\" \/>\t\t\t\t\t\t\t\t\t\t\t\t\t\t\t<\/div>\n\t\t\t\t<\/div>\n\t\t\t\t<div class=\"elementor-element elementor-element-bd63b7b elementor-widget elementor-widget-text-editor\" data-id=\"bd63b7b\" data-element_type=\"widget\" data-e-type=\"widget\" data-widget_type=\"text-editor.default\">\n\t\t\t\t<div class=\"elementor-widget-container\">\n\t\t\t\t\t\t\t\t\t<p style=\"font-weight: 400;\">\u00c9s una ruta d\u2019uns 120 quil\u00f2metres i 2400 metres de desnivell. Normalment la faig durant els dies de rodatge, per\u00f2 tamb\u00e9 \u00e9s una bona opci\u00f3 per les sessions d\u2019entrenament m\u00e9s intenses, ja que cont\u00e9 nombroses pujades desafiants.<\/p>\n<p style=\"font-weight: 400;\"><strong>Aquesta hist\u00f2ria forma part del volum 8 de la revista Nafent. Llegeix la hist\u00f2ria completa a la nostra revista digital o en paper. Visita la botiga online o compra la teva en un dels nostres 200 establiments associats.<\/strong><\/p>\n\t\t\t\t\t\t\t\t<\/div>\n\t\t\t\t<\/div>\n\t\t\t\t<div class=\"elementor-element elementor-element-5f3ee405 elementor-widget elementor-widget-heading\" data-id=\"5f3ee405\" data-element_type=\"widget\" data-e-type=\"widget\" data-widget_type=\"heading.default\">\n\t\t\t\t<div class=\"elementor-widget-container\">\n\t\t\t\t\t<p class=\"elementor-heading-title elementor-size-default\">Hist\u00f2ries relacionades<\/p>\t\t\t\t<\/div>\n\t\t\t\t<\/div>\n\t\t\t\t<div class=\"elementor-element elementor-element-3b590a74 elementor-grid-eael-col-4 elementor-grid-tablet-eael-col-2 elementor-grid-mobile-eael-col-1 elementor-widget elementor-widget-eael-post-grid\" data-id=\"3b590a74\" data-element_type=\"widget\" data-e-type=\"widget\" data-settings=\"{&quot;eael_post_grid_columns&quot;:&quot;eael-col-4&quot;,&quot;eael_post_grid_columns_tablet&quot;:&quot;eael-col-2&quot;,&quot;eael_post_grid_columns_mobile&quot;:&quot;eael-col-1&quot;}\" data-widget_type=\"eael-post-grid.default\">\n\t\t\t\t<div class=\"elementor-widget-container\">\n\t\t\t\t\t<div id=\"eael-post-grid-3b590a74\" class=\"eael-post-grid-container\">\n            <div class=\"eael-post-grid eael-post-appender eael-post-appender-3b590a74 eael-post-grid-style-one\" data-layout-mode=\"grid\"><article class=\"eael-grid-post  eael-post-grid-column eael-pg-post-12911 category-ciclisme-de-carretera-ciclisme tags-enve-ca\" data-id=\"12911\">\n        <div class=\"eael-grid-post-holder\">\n            <div class=\"eael-grid-post-holder-inner\"><div class=\"eael-entry-media\"><div class=\"eael-entry-overlay fade-in\"><i class=\"\" aria-hidden=\"true\"><\/i><a href=\"https:\/\/nafentmagazine.com\/ca\/de-zero-a-utah-al-capdavant-del-worldtour-enve-composites\/\"><\/a><\/div><div class=\"eael-entry-thumbnail \">\n                <img decoding=\"async\" width=\"300\" height=\"200\" src=\"https:\/\/nafentmagazine.com\/wp-content\/uploads\/2026\/04\/ENVE_x_Pogacar_x_Arin_Web_res_11_5f6f3f43-b357-412c-92f8-99b08c907f84-300x200.webp\" class=\"attachment-medium size-medium wp-image-12891\" alt=\"ENVE Pogacar Girona\" srcset=\"https:\/\/nafentmagazine.com\/wp-content\/uploads\/2026\/04\/ENVE_x_Pogacar_x_Arin_Web_res_11_5f6f3f43-b357-412c-92f8-99b08c907f84-300x200.webp 300w, https:\/\/nafentmagazine.com\/wp-content\/uploads\/2026\/04\/ENVE_x_Pogacar_x_Arin_Web_res_11_5f6f3f43-b357-412c-92f8-99b08c907f84-1024x683.webp 1024w, https:\/\/nafentmagazine.com\/wp-content\/uploads\/2026\/04\/ENVE_x_Pogacar_x_Arin_Web_res_11_5f6f3f43-b357-412c-92f8-99b08c907f84-768x512.webp 768w, https:\/\/nafentmagazine.com\/wp-content\/uploads\/2026\/04\/ENVE_x_Pogacar_x_Arin_Web_res_11_5f6f3f43-b357-412c-92f8-99b08c907f84-1536x1025.webp 1536w, https:\/\/nafentmagazine.com\/wp-content\/uploads\/2026\/04\/ENVE_x_Pogacar_x_Arin_Web_res_11_5f6f3f43-b357-412c-92f8-99b08c907f84-600x400.webp 600w, https:\/\/nafentmagazine.com\/wp-content\/uploads\/2026\/04\/ENVE_x_Pogacar_x_Arin_Web_res_11_5f6f3f43-b357-412c-92f8-99b08c907f84.webp 2048w\" sizes=\"(max-width: 300px) 100vw, 300px\" \/>\n            <\/div>\n        <\/div><div class=\"eael-entry-wrapper\"><header class=\"eael-entry-header\"><p class=\"eael-entry-title\"><a class=\"eael-grid-post-link\" href=\"https:\/\/nafentmagazine.com\/ca\/de-zero-a-utah-al-capdavant-del-worldtour-enve-composites\/\" title=\"De zero a Utah al capdavant del WorldTour: ENVE Composites\">De zero a Utah al capdavant del WorldTour: ENVE Composites<\/a><\/p><\/header><\/div><\/div>\n        <\/div>\n    <\/article><article class=\"eael-grid-post  eael-post-grid-column eael-pg-post-12873 category-bergueda-ciclisme-de-carretera-ciclisme tags-coll-de-pal-coll-de-pradell-la-creueta-rutes\" data-id=\"12873\">\n        <div class=\"eael-grid-post-holder\">\n            <div class=\"eael-grid-post-holder-inner\"><div class=\"eael-entry-media\"><div class=\"eael-entry-overlay fade-in\"><i class=\"\" aria-hidden=\"true\"><\/i><a href=\"https:\/\/nafentmagazine.com\/ca\/ports-del-bergueda-lalta-muntanya-silenciosa-del-ciclisme-catala\/\"><\/a><\/div><div class=\"eael-entry-thumbnail \">\n                <img loading=\"lazy\" decoding=\"async\" width=\"300\" height=\"200\" src=\"https:\/\/nafentmagazine.com\/wp-content\/uploads\/2026\/04\/colldepal-4-300x200.webp\" class=\"attachment-medium size-medium wp-image-12857\" alt=\"Coll de Pal Nafent\" srcset=\"https:\/\/nafentmagazine.com\/wp-content\/uploads\/2026\/04\/colldepal-4-300x200.webp 300w, https:\/\/nafentmagazine.com\/wp-content\/uploads\/2026\/04\/colldepal-4-1024x683.webp 1024w, https:\/\/nafentmagazine.com\/wp-content\/uploads\/2026\/04\/colldepal-4-768x512.webp 768w, https:\/\/nafentmagazine.com\/wp-content\/uploads\/2026\/04\/colldepal-4-1536x1024.webp 1536w, https:\/\/nafentmagazine.com\/wp-content\/uploads\/2026\/04\/colldepal-4-2048x1365.webp 2048w, https:\/\/nafentmagazine.com\/wp-content\/uploads\/2026\/04\/colldepal-4-600x400.webp 600w\" sizes=\"(max-width: 300px) 100vw, 300px\" \/>\n            <\/div>\n        <\/div><div class=\"eael-entry-wrapper\"><header class=\"eael-entry-header\"><p class=\"eael-entry-title\"><a class=\"eael-grid-post-link\" href=\"https:\/\/nafentmagazine.com\/ca\/ports-del-bergueda-lalta-muntanya-silenciosa-del-ciclisme-catala\/\" title=\"Ports del Bergued\u00e0: l\u2019alta muntanya silenciosa del ciclisme catal\u00e0\">Ports del Bergued\u00e0: l\u2019alta muntanya silenciosa del ciclisme catal\u00e0<\/a><\/p><\/header><\/div><\/div>\n        <\/div>\n    <\/article><article class=\"eael-grid-post  eael-post-grid-column eael-pg-post-12852 category-barcelona-ciclisme-ciclisme-running-%f0%9f%8f%83 tags-catalunya-ca\" data-id=\"12852\">\n        <div class=\"eael-grid-post-holder\">\n            <div class=\"eael-grid-post-holder-inner\"><div class=\"eael-entry-media\"><div class=\"eael-entry-overlay fade-in\"><i class=\"\" aria-hidden=\"true\"><\/i><a href=\"https:\/\/nafentmagazine.com\/ca\/nou-concepte-desport-de-resistencia-a-barcelona-bike-trail-challenge\/\"><\/a><\/div><div class=\"eael-entry-thumbnail \">\n                <img loading=\"lazy\" decoding=\"async\" width=\"300\" height=\"186\" src=\"https:\/\/nafentmagazine.com\/wp-content\/uploads\/2026\/04\/Nota-de-premsa-Endurance-Horizon-2026-21-e1777449640194-300x186.webp\" class=\"attachment-medium size-medium wp-image-12842\" alt=\"\" srcset=\"https:\/\/nafentmagazine.com\/wp-content\/uploads\/2026\/04\/Nota-de-premsa-Endurance-Horizon-2026-21-e1777449640194-300x186.webp 300w, https:\/\/nafentmagazine.com\/wp-content\/uploads\/2026\/04\/Nota-de-premsa-Endurance-Horizon-2026-21-e1777449640194-1024x636.webp 1024w, https:\/\/nafentmagazine.com\/wp-content\/uploads\/2026\/04\/Nota-de-premsa-Endurance-Horizon-2026-21-e1777449640194-768x477.webp 768w, https:\/\/nafentmagazine.com\/wp-content\/uploads\/2026\/04\/Nota-de-premsa-Endurance-Horizon-2026-21-e1777449640194-600x373.webp 600w, https:\/\/nafentmagazine.com\/wp-content\/uploads\/2026\/04\/Nota-de-premsa-Endurance-Horizon-2026-21-e1777449640194.webp 1276w\" sizes=\"(max-width: 300px) 100vw, 300px\" \/>\n            <\/div>\n        <\/div><div class=\"eael-entry-wrapper\"><header class=\"eael-entry-header\"><p class=\"eael-entry-title\"><a class=\"eael-grid-post-link\" href=\"https:\/\/nafentmagazine.com\/ca\/nou-concepte-desport-de-resistencia-a-barcelona-bike-trail-challenge\/\" title=\"Nou concepte d\u2019esport de resist\u00e8ncia a Barcelona: Bike &amp; Trail Challenge\">Nou concepte d\u2019esport de resist\u00e8ncia a Barcelona: Bike &amp; Trail Challenge<\/a><\/p><\/header><\/div><\/div>\n        <\/div>\n    <\/article><article class=\"eael-grid-post  eael-post-grid-column eael-pg-post-12819 category-ciclisme-cultura-del-ciclisme-entrevistes-histories-ripolles tags-campdevanol-coll-dares\" data-id=\"12819\">\n        <div class=\"eael-grid-post-holder\">\n            <div class=\"eael-grid-post-holder-inner\"><div class=\"eael-entry-media\"><div class=\"eael-entry-overlay fade-in\"><i class=\"\" aria-hidden=\"true\"><\/i><a href=\"https:\/\/nafentmagazine.com\/ca\/una-celebracio-especial-pels-40-anys-de-la-unio-ciclista-campdevanol\/\"><\/a><\/div><div class=\"eael-entry-thumbnail \">\n                <img loading=\"lazy\" decoding=\"async\" width=\"300\" height=\"186\" src=\"https:\/\/nafentmagazine.com\/wp-content\/uploads\/2026\/04\/669117675_1250670593717669_2538272599145134605_n-e1777449748366-300x186.webp\" class=\"attachment-medium size-medium wp-image-12807\" alt=\"A special celebration for 40 years of Uni\u00f3 Ciclista Campdev\u00e0nol\" srcset=\"https:\/\/nafentmagazine.com\/wp-content\/uploads\/2026\/04\/669117675_1250670593717669_2538272599145134605_n-e1777449748366-300x186.webp 300w, https:\/\/nafentmagazine.com\/wp-content\/uploads\/2026\/04\/669117675_1250670593717669_2538272599145134605_n-e1777449748366-1024x636.webp 1024w, https:\/\/nafentmagazine.com\/wp-content\/uploads\/2026\/04\/669117675_1250670593717669_2538272599145134605_n-e1777449748366-768x477.webp 768w, https:\/\/nafentmagazine.com\/wp-content\/uploads\/2026\/04\/669117675_1250670593717669_2538272599145134605_n-e1777449748366-1536x954.webp 1536w, https:\/\/nafentmagazine.com\/wp-content\/uploads\/2026\/04\/669117675_1250670593717669_2538272599145134605_n-e1777449748366-600x373.webp 600w, https:\/\/nafentmagazine.com\/wp-content\/uploads\/2026\/04\/669117675_1250670593717669_2538272599145134605_n-e1777449748366.webp 1584w\" sizes=\"(max-width: 300px) 100vw, 300px\" \/>\n            <\/div>\n        <\/div><div class=\"eael-entry-wrapper\"><header class=\"eael-entry-header\"><p class=\"eael-entry-title\"><a class=\"eael-grid-post-link\" href=\"https:\/\/nafentmagazine.com\/ca\/una-celebracio-especial-pels-40-anys-de-la-unio-ciclista-campdevanol\/\" title=\"Una celebraci\u00f3 especial pels 40 anys de la Uni\u00f3 Ciclista Campdev\u00e0nol\">Una celebraci\u00f3 especial pels 40 anys de la Uni\u00f3 Ciclista Campdev\u00e0nol<\/a><\/p><\/header><\/div><\/div>\n        <\/div>\n    <\/article><\/div>\n            <div class=\"clearfix\"><\/div>\n        <\/div>            <div class=\"eael-load-more-button-wrap eael-force-hide\">\n                <button class=\"eael-load-more-button\" id=\"eael-load-more-btn-3b590a74\" data-widget-id=\"3b590a74\" data-widget=\"3b590a74\" data-page-id=\"5760\" data-template=\"{&quot;dir&quot;:&quot;lite&quot;,&quot;file_name&quot;:&quot;one.php&quot;,&quot;name&quot;:&quot;Post-Grid&quot;}\" data-class=\"Essential_Addons_Elementor\\Elements\\Post_Grid\" data-layout=\"grid\" data-page=\"1\" data-args=\"orderby=date&amp;order=desc&amp;ignore_sticky_posts=1&amp;post_status=publish&amp;posts_per_page=4&amp;offset=0&amp;post_type=post&amp;post__not_in%5B0%5D=626\" data-max-page=\"54\">\n                    <span class=\"eael-btn-loader button__loader\"><\/span>\n                    <span class=\"eael_load_more_text\">M\u00c9S INFORMACI\u00d3<\/span>\n                <\/button>\n            <\/div>\n            \t\t\t\t<\/div>\n\t\t\t\t<\/div>\n\t\t\t\t\t<\/div>\n\t\t<\/div>\n\t\t\t\t\t<\/div>\n\t\t<\/section>\n\t\t\t\t<section class=\"elementor-section elementor-top-section elementor-element elementor-element-221d2050 elementor-section-boxed elementor-section-height-default elementor-section-height-default\" data-id=\"221d2050\" data-element_type=\"section\" data-e-type=\"section\">\n\t\t\t\t\t\t<div class=\"elementor-container elementor-column-gap-default\">\n\t\t\t\t\t<div class=\"elementor-column elementor-col-100 elementor-top-column elementor-element elementor-element-2f27805a\" data-id=\"2f27805a\" data-element_type=\"column\" data-e-type=\"column\">\n\t\t\t<div class=\"elementor-widget-wrap\">\n\t\t\t\t\t\t\t<\/div>\n\t\t<\/div>\n\t\t\t\t\t<\/div>\n\t\t<\/section>\n\t\t\t\t<\/div>\n\t\t","protected":false},"excerpt":{"rendered":"<p>L\u2019Abel Balderstone va completar tota la Vuelta a Espanya 2023, que comen\u00e7ava a Catalunya. El ciclista de l\u2019equip Caja Rural Seguros RGA reflexiona sobre la seva participaci\u00f3 a la Vuelta i comparteix la seva ruta preferida a Catalunya.<\/p>\n","protected":false},"author":43,"featured_media":5756,"comment_status":"closed","ping_status":"open","sticky":false,"template":"elementor_header_footer","format":"standard","meta":{"_ppp_document_settings_meta":"","site-sidebar-layout":"default","site-content-layout":"","ast-site-content-layout":"default","site-content-style":"default","site-sidebar-style":"default","ast-global-header-display":"","ast-banner-title-visibility":"","ast-main-header-display":"","ast-hfb-above-header-display":"","ast-hfb-below-header-display":"","ast-hfb-mobile-header-display":"","site-post-title":"","ast-breadcrumbs-content":"","ast-featured-img":"","footer-sml-layout":"","ast-disable-related-posts":"","theme-transparent-header-meta":"","adv-header-id-meta":"","stick-header-meta":"","header-above-stick-meta":"","header-main-stick-meta":"","header-below-stick-meta":"","astra-migrate-meta-layouts":"default","ast-page-background-enabled":"default","ast-page-background-meta":{"desktop":{"background-color":"","background-image":"","background-repeat":"repeat","background-position":"center center","background-size":"auto","background-attachment":"scroll","background-type":"","background-media":"","overlay-type":"","overlay-color":"","overlay-opacity":"","overlay-gradient":""},"tablet":{"background-color":"","background-image":"","background-repeat":"repeat","background-position":"center center","background-size":"auto","background-attachment":"scroll","background-type":"","background-media":"","overlay-type":"","overlay-color":"","overlay-opacity":"","overlay-gradient":""},"mobile":{"background-color":"","background-image":"","background-repeat":"repeat","background-position":"center center","background-size":"auto","background-attachment":"scroll","background-type":"","background-media":"","overlay-type":"","overlay-color":"","overlay-opacity":"","overlay-gradient":""}},"ast-content-background-meta":{"desktop":{"background-color":"var(--ast-global-color-5)","background-image":"","background-repeat":"repeat","background-position":"center center","background-size":"auto","background-attachment":"scroll","background-type":"","background-media":"","overlay-type":"","overlay-color":"","overlay-opacity":"","overlay-gradient":""},"tablet":{"background-color":"var(--ast-global-color-5)","background-image":"","background-repeat":"repeat","background-position":"center center","background-size":"auto","background-attachment":"scroll","background-type":"","background-media":"","overlay-type":"","overlay-color":"","overlay-opacity":"","overlay-gradient":""},"mobile":{"background-color":"var(--ast-global-color-5)","background-image":"","background-repeat":"repeat","background-position":"center center","background-size":"auto","background-attachment":"scroll","background-type":"","background-media":"","overlay-type":"","overlay-color":"","overlay-opacity":"","overlay-gradient":""}},"_jetpack_memberships_contains_paid_content":false,"footnotes":""},"categories":[249,251,60],"tags":[],"class_list":["post-5760","post","type-post","status-publish","format-standard","has-post-thumbnail","hentry","category-cultura-del-ciclisme","category-entrevistes","category-histories"],"yoast_head":"<!-- This site is optimized with the Yoast SEO plugin v27.5 - https:\/\/yoast.com\/product\/yoast-seo-wordpress\/ -->\n<title>Abel Balderstone: el jove ciclista catal\u00e0, finisher de la Vuelta | Nafent Magazine<\/title>\n<meta name=\"description\" content=\"L\u2019Abel Balderstone va completar tota la Vuelta a Espanya 2023, que comen\u00e7ava a Catalunya. El ciclista de l\u2019equip Caja Rural Seguros RGA reflexiona sobre la seva participaci\u00f3 a la Vuelta i comparteix la seva ruta preferida a Catalunya.\" \/>\n<meta name=\"robots\" content=\"index, follow, max-snippet:-1, max-image-preview:large, max-video-preview:-1\" \/>\n<link rel=\"canonical\" href=\"https:\/\/nafentmagazine.com\/abel-balderstone-the-young-catalan-vuelta-finisher\/\" \/>\n<meta property=\"og:locale\" content=\"ca_ES\" \/>\n<meta property=\"og:type\" content=\"article\" \/>\n<meta property=\"og:title\" content=\"Abel Balderstone: el jove ciclista catal\u00e0, finisher de la Vuelta | Nafent Magazine\" \/>\n<meta property=\"og:description\" content=\"L\u2019Abel Balderstone va completar tota la Vuelta a Espanya 2023, que comen\u00e7ava a Catalunya. El ciclista de l\u2019equip Caja Rural Seguros RGA reflexiona sobre la seva participaci\u00f3 a la Vuelta i comparteix la seva ruta preferida a Catalunya.\" \/>\n<meta property=\"og:url\" content=\"https:\/\/nafentmagazine.com\/abel-balderstone-the-young-catalan-vuelta-finisher\/\" \/>\n<meta property=\"og:site_name\" content=\"Nafent Magazine\" \/>\n<meta property=\"article:publisher\" content=\"https:\/\/www.facebook.com\/Nafentmagazine\" \/>\n<meta property=\"article:published_time\" content=\"2023-12-02T21:12:26+00:00\" \/>\n<meta property=\"article:modified_time\" content=\"2024-11-20T20:57:23+00:00\" \/>\n<meta property=\"og:image\" content=\"https:\/\/nafentmagazine.com\/wp-content\/uploads\/2023\/12\/image00004-2.jpeg\" \/>\n\t<meta property=\"og:image:width\" content=\"1720\" \/>\n\t<meta property=\"og:image:height\" content=\"1080\" \/>\n\t<meta property=\"og:image:type\" content=\"image\/jpeg\" \/>\n<meta name=\"author\" content=\"Guida Pons\" \/>\n<meta name=\"twitter:card\" content=\"summary_large_image\" \/>\n<meta name=\"twitter:label1\" content=\"Escrit per\" \/>\n\t<meta name=\"twitter:data1\" content=\"Guida Pons\" \/>\n\t<meta name=\"twitter:label2\" content=\"Temps estimat de lectura\" \/>\n\t<meta name=\"twitter:data2\" content=\"2 minuts\" \/>\n<script type=\"application\/ld+json\" class=\"yoast-schema-graph\">{\"@context\":\"https:\\\/\\\/schema.org\",\"@graph\":[{\"@type\":\"Article\",\"@id\":\"https:\\\/\\\/nafentmagazine.com\\\/abel-balderstone-the-young-catalan-vuelta-finisher\\\/#article\",\"isPartOf\":{\"@id\":\"https:\\\/\\\/nafentmagazine.com\\\/abel-balderstone-the-young-catalan-vuelta-finisher\\\/\"},\"author\":{\"name\":\"Guida Pons\",\"@id\":\"https:\\\/\\\/nafentmagazine.com\\\/#\\\/schema\\\/person\\\/e56b9181a5d603b9d269d8f29a1d9000\"},\"headline\":\"Abel Balderstone: el jove ciclista catal\u00e0, finisher de la Vuelta\",\"datePublished\":\"2023-12-02T21:12:26+00:00\",\"dateModified\":\"2024-11-20T20:57:23+00:00\",\"mainEntityOfPage\":{\"@id\":\"https:\\\/\\\/nafentmagazine.com\\\/abel-balderstone-the-young-catalan-vuelta-finisher\\\/\"},\"wordCount\":349,\"publisher\":{\"@id\":\"https:\\\/\\\/nafentmagazine.com\\\/#organization\"},\"image\":{\"@id\":\"https:\\\/\\\/nafentmagazine.com\\\/abel-balderstone-the-young-catalan-vuelta-finisher\\\/#primaryimage\"},\"thumbnailUrl\":\"https:\\\/\\\/nafentmagazine.com\\\/wp-content\\\/uploads\\\/2023\\\/12\\\/image00004-2.jpeg\",\"articleSection\":[\"Cultura del ciclisme\",\"Entrevistes\",\"Hist\u00f2ries de Nafent Magazine\"],\"inLanguage\":\"ca\"},{\"@type\":\"WebPage\",\"@id\":\"https:\\\/\\\/nafentmagazine.com\\\/abel-balderstone-the-young-catalan-vuelta-finisher\\\/\",\"url\":\"https:\\\/\\\/nafentmagazine.com\\\/abel-balderstone-the-young-catalan-vuelta-finisher\\\/\",\"name\":\"Abel Balderstone: el jove ciclista catal\u00e0, finisher de la Vuelta | Nafent Magazine\",\"isPartOf\":{\"@id\":\"https:\\\/\\\/nafentmagazine.com\\\/#website\"},\"primaryImageOfPage\":{\"@id\":\"https:\\\/\\\/nafentmagazine.com\\\/abel-balderstone-the-young-catalan-vuelta-finisher\\\/#primaryimage\"},\"image\":{\"@id\":\"https:\\\/\\\/nafentmagazine.com\\\/abel-balderstone-the-young-catalan-vuelta-finisher\\\/#primaryimage\"},\"thumbnailUrl\":\"https:\\\/\\\/nafentmagazine.com\\\/wp-content\\\/uploads\\\/2023\\\/12\\\/image00004-2.jpeg\",\"datePublished\":\"2023-12-02T21:12:26+00:00\",\"dateModified\":\"2024-11-20T20:57:23+00:00\",\"description\":\"L\u2019Abel Balderstone va completar tota la Vuelta a Espanya 2023, que comen\u00e7ava a Catalunya. El ciclista de l\u2019equip Caja Rural Seguros RGA reflexiona sobre la seva participaci\u00f3 a la Vuelta i comparteix la seva ruta preferida a Catalunya.\",\"breadcrumb\":{\"@id\":\"https:\\\/\\\/nafentmagazine.com\\\/abel-balderstone-the-young-catalan-vuelta-finisher\\\/#breadcrumb\"},\"inLanguage\":\"ca\",\"potentialAction\":[{\"@type\":\"ReadAction\",\"target\":[\"https:\\\/\\\/nafentmagazine.com\\\/abel-balderstone-the-young-catalan-vuelta-finisher\\\/\"]}]},{\"@type\":\"ImageObject\",\"inLanguage\":\"ca\",\"@id\":\"https:\\\/\\\/nafentmagazine.com\\\/abel-balderstone-the-young-catalan-vuelta-finisher\\\/#primaryimage\",\"url\":\"https:\\\/\\\/nafentmagazine.com\\\/wp-content\\\/uploads\\\/2023\\\/12\\\/image00004-2.jpeg\",\"contentUrl\":\"https:\\\/\\\/nafentmagazine.com\\\/wp-content\\\/uploads\\\/2023\\\/12\\\/image00004-2.jpeg\",\"width\":1720,\"height\":1080},{\"@type\":\"BreadcrumbList\",\"@id\":\"https:\\\/\\\/nafentmagazine.com\\\/abel-balderstone-the-young-catalan-vuelta-finisher\\\/#breadcrumb\",\"itemListElement\":[{\"@type\":\"ListItem\",\"position\":1,\"name\":\"Home\",\"item\":\"https:\\\/\\\/nafentmagazine.com\\\/\"},{\"@type\":\"ListItem\",\"position\":2,\"name\":\"Abel Balderstone: el jove ciclista catal\u00e0, finisher de la Vuelta\"}]},{\"@type\":\"WebSite\",\"@id\":\"https:\\\/\\\/nafentmagazine.com\\\/#website\",\"url\":\"https:\\\/\\\/nafentmagazine.com\\\/\",\"name\":\"Nafent Magazine\",\"description\":\"The Catalan cycling magazine\",\"publisher\":{\"@id\":\"https:\\\/\\\/nafentmagazine.com\\\/#organization\"},\"alternateName\":\"Revista Nafent\",\"potentialAction\":[{\"@type\":\"SearchAction\",\"target\":{\"@type\":\"EntryPoint\",\"urlTemplate\":\"https:\\\/\\\/nafentmagazine.com\\\/?s={search_term_string}\"},\"query-input\":{\"@type\":\"PropertyValueSpecification\",\"valueRequired\":true,\"valueName\":\"search_term_string\"}}],\"inLanguage\":\"ca\"},{\"@type\":\"Organization\",\"@id\":\"https:\\\/\\\/nafentmagazine.com\\\/#organization\",\"name\":\"Nafent Magazine\",\"url\":\"https:\\\/\\\/nafentmagazine.com\\\/\",\"logo\":{\"@type\":\"ImageObject\",\"inLanguage\":\"ca\",\"@id\":\"https:\\\/\\\/nafentmagazine.com\\\/#\\\/schema\\\/logo\\\/image\\\/\",\"url\":\"https:\\\/\\\/nafentmagazine.com\\\/wp-content\\\/uploads\\\/2021\\\/12\\\/cropped-cropped-logo-full.png\",\"contentUrl\":\"https:\\\/\\\/nafentmagazine.com\\\/wp-content\\\/uploads\\\/2021\\\/12\\\/cropped-cropped-logo-full.png\",\"width\":900,\"height\":327,\"caption\":\"Nafent Magazine\"},\"image\":{\"@id\":\"https:\\\/\\\/nafentmagazine.com\\\/#\\\/schema\\\/logo\\\/image\\\/\"},\"sameAs\":[\"https:\\\/\\\/www.facebook.com\\\/Nafentmagazine\",\"https:\\\/\\\/www.instagram.com\\\/nafentmagazine\\\/\",\"https:\\\/\\\/www.linkedin.com\\\/company\\\/77097325\\\/\"]},{\"@type\":\"Person\",\"@id\":\"https:\\\/\\\/nafentmagazine.com\\\/#\\\/schema\\\/person\\\/e56b9181a5d603b9d269d8f29a1d9000\",\"name\":\"Guida Pons\",\"image\":{\"@type\":\"ImageObject\",\"inLanguage\":\"ca\",\"@id\":\"https:\\\/\\\/secure.gravatar.com\\\/avatar\\\/e3da5a4b83e25fddd7d6b28fe8ce7ff8bc0a2222b6c7d9fa597d0d6817681316?s=96&d=mm&r=g\",\"url\":\"https:\\\/\\\/secure.gravatar.com\\\/avatar\\\/e3da5a4b83e25fddd7d6b28fe8ce7ff8bc0a2222b6c7d9fa597d0d6817681316?s=96&d=mm&r=g\",\"contentUrl\":\"https:\\\/\\\/secure.gravatar.com\\\/avatar\\\/e3da5a4b83e25fddd7d6b28fe8ce7ff8bc0a2222b6c7d9fa597d0d6817681316?s=96&d=mm&r=g\",\"caption\":\"Guida Pons\"},\"url\":\"https:\\\/\\\/nafentmagazine.com\\\/ca\\\/author\\\/guida\\\/\"}]}<\/script>\n<!-- \/ Yoast SEO plugin. -->","yoast_head_json":{"title":"Abel Balderstone: el jove ciclista catal\u00e0, finisher de la Vuelta | Nafent Magazine","description":"L\u2019Abel Balderstone va completar tota la Vuelta a Espanya 2023, que comen\u00e7ava a Catalunya. El ciclista de l\u2019equip Caja Rural Seguros RGA reflexiona sobre la seva participaci\u00f3 a la Vuelta i comparteix la seva ruta preferida a Catalunya.","robots":{"index":"index","follow":"follow","max-snippet":"max-snippet:-1","max-image-preview":"max-image-preview:large","max-video-preview":"max-video-preview:-1"},"canonical":"https:\/\/nafentmagazine.com\/abel-balderstone-the-young-catalan-vuelta-finisher\/","og_locale":"ca_ES","og_type":"article","og_title":"Abel Balderstone: el jove ciclista catal\u00e0, finisher de la Vuelta | Nafent Magazine","og_description":"L\u2019Abel Balderstone va completar tota la Vuelta a Espanya 2023, que comen\u00e7ava a Catalunya. El ciclista de l\u2019equip Caja Rural Seguros RGA reflexiona sobre la seva participaci\u00f3 a la Vuelta i comparteix la seva ruta preferida a Catalunya.","og_url":"https:\/\/nafentmagazine.com\/abel-balderstone-the-young-catalan-vuelta-finisher\/","og_site_name":"Nafent Magazine","article_publisher":"https:\/\/www.facebook.com\/Nafentmagazine","article_published_time":"2023-12-02T21:12:26+00:00","article_modified_time":"2024-11-20T20:57:23+00:00","og_image":[{"width":1720,"height":1080,"url":"https:\/\/nafentmagazine.com\/wp-content\/uploads\/2023\/12\/image00004-2.jpeg","type":"image\/jpeg"}],"author":"Guida Pons","twitter_card":"summary_large_image","twitter_misc":{"Escrit per":"Guida Pons","Temps estimat de lectura":"2 minuts"},"schema":{"@context":"https:\/\/schema.org","@graph":[{"@type":"Article","@id":"https:\/\/nafentmagazine.com\/abel-balderstone-the-young-catalan-vuelta-finisher\/#article","isPartOf":{"@id":"https:\/\/nafentmagazine.com\/abel-balderstone-the-young-catalan-vuelta-finisher\/"},"author":{"name":"Guida Pons","@id":"https:\/\/nafentmagazine.com\/#\/schema\/person\/e56b9181a5d603b9d269d8f29a1d9000"},"headline":"Abel Balderstone: el jove ciclista catal\u00e0, finisher de la Vuelta","datePublished":"2023-12-02T21:12:26+00:00","dateModified":"2024-11-20T20:57:23+00:00","mainEntityOfPage":{"@id":"https:\/\/nafentmagazine.com\/abel-balderstone-the-young-catalan-vuelta-finisher\/"},"wordCount":349,"publisher":{"@id":"https:\/\/nafentmagazine.com\/#organization"},"image":{"@id":"https:\/\/nafentmagazine.com\/abel-balderstone-the-young-catalan-vuelta-finisher\/#primaryimage"},"thumbnailUrl":"https:\/\/nafentmagazine.com\/wp-content\/uploads\/2023\/12\/image00004-2.jpeg","articleSection":["Cultura del ciclisme","Entrevistes","Hist\u00f2ries de Nafent Magazine"],"inLanguage":"ca"},{"@type":"WebPage","@id":"https:\/\/nafentmagazine.com\/abel-balderstone-the-young-catalan-vuelta-finisher\/","url":"https:\/\/nafentmagazine.com\/abel-balderstone-the-young-catalan-vuelta-finisher\/","name":"Abel Balderstone: el jove ciclista catal\u00e0, finisher de la Vuelta | Nafent Magazine","isPartOf":{"@id":"https:\/\/nafentmagazine.com\/#website"},"primaryImageOfPage":{"@id":"https:\/\/nafentmagazine.com\/abel-balderstone-the-young-catalan-vuelta-finisher\/#primaryimage"},"image":{"@id":"https:\/\/nafentmagazine.com\/abel-balderstone-the-young-catalan-vuelta-finisher\/#primaryimage"},"thumbnailUrl":"https:\/\/nafentmagazine.com\/wp-content\/uploads\/2023\/12\/image00004-2.jpeg","datePublished":"2023-12-02T21:12:26+00:00","dateModified":"2024-11-20T20:57:23+00:00","description":"L\u2019Abel Balderstone va completar tota la Vuelta a Espanya 2023, que comen\u00e7ava a Catalunya. El ciclista de l\u2019equip Caja Rural Seguros RGA reflexiona sobre la seva participaci\u00f3 a la Vuelta i comparteix la seva ruta preferida a Catalunya.","breadcrumb":{"@id":"https:\/\/nafentmagazine.com\/abel-balderstone-the-young-catalan-vuelta-finisher\/#breadcrumb"},"inLanguage":"ca","potentialAction":[{"@type":"ReadAction","target":["https:\/\/nafentmagazine.com\/abel-balderstone-the-young-catalan-vuelta-finisher\/"]}]},{"@type":"ImageObject","inLanguage":"ca","@id":"https:\/\/nafentmagazine.com\/abel-balderstone-the-young-catalan-vuelta-finisher\/#primaryimage","url":"https:\/\/nafentmagazine.com\/wp-content\/uploads\/2023\/12\/image00004-2.jpeg","contentUrl":"https:\/\/nafentmagazine.com\/wp-content\/uploads\/2023\/12\/image00004-2.jpeg","width":1720,"height":1080},{"@type":"BreadcrumbList","@id":"https:\/\/nafentmagazine.com\/abel-balderstone-the-young-catalan-vuelta-finisher\/#breadcrumb","itemListElement":[{"@type":"ListItem","position":1,"name":"Home","item":"https:\/\/nafentmagazine.com\/"},{"@type":"ListItem","position":2,"name":"Abel Balderstone: el jove ciclista catal\u00e0, finisher de la Vuelta"}]},{"@type":"WebSite","@id":"https:\/\/nafentmagazine.com\/#website","url":"https:\/\/nafentmagazine.com\/","name":"Nafent Magazine","description":"The Catalan cycling magazine","publisher":{"@id":"https:\/\/nafentmagazine.com\/#organization"},"alternateName":"Revista Nafent","potentialAction":[{"@type":"SearchAction","target":{"@type":"EntryPoint","urlTemplate":"https:\/\/nafentmagazine.com\/?s={search_term_string}"},"query-input":{"@type":"PropertyValueSpecification","valueRequired":true,"valueName":"search_term_string"}}],"inLanguage":"ca"},{"@type":"Organization","@id":"https:\/\/nafentmagazine.com\/#organization","name":"Nafent Magazine","url":"https:\/\/nafentmagazine.com\/","logo":{"@type":"ImageObject","inLanguage":"ca","@id":"https:\/\/nafentmagazine.com\/#\/schema\/logo\/image\/","url":"https:\/\/nafentmagazine.com\/wp-content\/uploads\/2021\/12\/cropped-cropped-logo-full.png","contentUrl":"https:\/\/nafentmagazine.com\/wp-content\/uploads\/2021\/12\/cropped-cropped-logo-full.png","width":900,"height":327,"caption":"Nafent Magazine"},"image":{"@id":"https:\/\/nafentmagazine.com\/#\/schema\/logo\/image\/"},"sameAs":["https:\/\/www.facebook.com\/Nafentmagazine","https:\/\/www.instagram.com\/nafentmagazine\/","https:\/\/www.linkedin.com\/company\/77097325\/"]},{"@type":"Person","@id":"https:\/\/nafentmagazine.com\/#\/schema\/person\/e56b9181a5d603b9d269d8f29a1d9000","name":"Guida Pons","image":{"@type":"ImageObject","inLanguage":"ca","@id":"https:\/\/secure.gravatar.com\/avatar\/e3da5a4b83e25fddd7d6b28fe8ce7ff8bc0a2222b6c7d9fa597d0d6817681316?s=96&d=mm&r=g","url":"https:\/\/secure.gravatar.com\/avatar\/e3da5a4b83e25fddd7d6b28fe8ce7ff8bc0a2222b6c7d9fa597d0d6817681316?s=96&d=mm&r=g","contentUrl":"https:\/\/secure.gravatar.com\/avatar\/e3da5a4b83e25fddd7d6b28fe8ce7ff8bc0a2222b6c7d9fa597d0d6817681316?s=96&d=mm&r=g","caption":"Guida Pons"},"url":"https:\/\/nafentmagazine.com\/ca\/author\/guida\/"}]}},"jetpack_featured_media_url":"https:\/\/nafentmagazine.com\/wp-content\/uploads\/2023\/12\/image00004-2.jpeg","jetpack_sharing_enabled":true,"_links":{"self":[{"href":"https:\/\/nafentmagazine.com\/ca\/wp-json\/wp\/v2\/posts\/5760","targetHints":{"allow":["GET"]}}],"collection":[{"href":"https:\/\/nafentmagazine.com\/ca\/wp-json\/wp\/v2\/posts"}],"about":[{"href":"https:\/\/nafentmagazine.com\/ca\/wp-json\/wp\/v2\/types\/post"}],"author":[{"embeddable":true,"href":"https:\/\/nafentmagazine.com\/ca\/wp-json\/wp\/v2\/users\/43"}],"replies":[{"embeddable":true,"href":"https:\/\/nafentmagazine.com\/ca\/wp-json\/wp\/v2\/comments?post=5760"}],"version-history":[{"count":6,"href":"https:\/\/nafentmagazine.com\/ca\/wp-json\/wp\/v2\/posts\/5760\/revisions"}],"predecessor-version":[{"id":8461,"href":"https:\/\/nafentmagazine.com\/ca\/wp-json\/wp\/v2\/posts\/5760\/revisions\/8461"}],"wp:featuredmedia":[{"embeddable":true,"href":"https:\/\/nafentmagazine.com\/ca\/wp-json\/wp\/v2\/media\/5756"}],"wp:attachment":[{"href":"https:\/\/nafentmagazine.com\/ca\/wp-json\/wp\/v2\/media?parent=5760"}],"wp:term":[{"taxonomy":"category","embeddable":true,"href":"https:\/\/nafentmagazine.com\/ca\/wp-json\/wp\/v2\/categories?post=5760"},{"taxonomy":"post_tag","embeddable":true,"href":"https:\/\/nafentmagazine.com\/ca\/wp-json\/wp\/v2\/tags?post=5760"}],"curies":[{"name":"wp","href":"https:\/\/api.w.org\/{rel}","templated":true}]}}