{"id":4253,"date":"2022-12-10T10:21:53","date_gmt":"2022-12-10T09:21:53","guid":{"rendered":"https:\/\/nafentmagazine.com\/val-la-pena-visitar-menorca-amb-bicicleta\/"},"modified":"2024-11-19T22:25:49","modified_gmt":"2024-11-19T21:25:49","slug":"val-la-pena-visitar-menorca-amb-bicicleta","status":"publish","type":"post","link":"https:\/\/nafentmagazine.com\/ca\/val-la-pena-visitar-menorca-amb-bicicleta\/","title":{"rendered":"Val la pena visitar Menorca amb bicicleta?"},"content":{"rendered":"\t\t<div data-elementor-type=\"wp-post\" data-elementor-id=\"4253\" class=\"elementor elementor-4253 elementor-4227\">\n\t\t\t\t\t\t<section class=\"elementor-section elementor-top-section elementor-element elementor-element-68c8f27 elementor-section-full_width elementor-section-stretched elementor-section-height-default elementor-section-height-default\" data-id=\"68c8f27\" data-element_type=\"section\" data-e-type=\"section\" data-settings=\"{&quot;background_background&quot;:&quot;classic&quot;,&quot;stretch_section&quot;:&quot;section-stretched&quot;}\">\n\t\t\t\t\t\t\t<div class=\"elementor-background-overlay\"><\/div>\n\t\t\t\t\t\t\t<div class=\"elementor-container elementor-column-gap-no\">\n\t\t\t\t\t<div class=\"elementor-column elementor-col-100 elementor-top-column elementor-element elementor-element-69c9b096\" data-id=\"69c9b096\" data-element_type=\"column\" data-e-type=\"column\">\n\t\t\t<div class=\"elementor-widget-wrap\">\n\t\t\t\t\t\t\t<\/div>\n\t\t<\/div>\n\t\t\t\t\t<\/div>\n\t\t<\/section>\n\t\t\t\t<section class=\"elementor-section elementor-top-section elementor-element elementor-element-25e585a6 elementor-section-boxed elementor-section-height-default elementor-section-height-default\" data-id=\"25e585a6\" data-element_type=\"section\" data-e-type=\"section\">\n\t\t\t\t\t\t<div class=\"elementor-container elementor-column-gap-default\">\n\t\t\t\t\t<div class=\"elementor-column elementor-col-100 elementor-top-column elementor-element elementor-element-e2f5e2c\" data-id=\"e2f5e2c\" data-element_type=\"column\" data-e-type=\"column\" data-settings=\"{&quot;background_background&quot;:&quot;classic&quot;}\">\n\t\t\t<div class=\"elementor-widget-wrap elementor-element-populated\">\n\t\t\t\t\t\t<div class=\"elementor-element elementor-element-30ec4ccb elementor-widget elementor-widget-heading\" data-id=\"30ec4ccb\" data-element_type=\"widget\" data-e-type=\"widget\" data-widget_type=\"heading.default\">\n\t\t\t\t<div class=\"elementor-widget-container\">\n\t\t\t\t\t<h1 class=\"elementor-heading-title elementor-size-default\">Val la pena visitar Menorca amb bicicleta? <\/h1>\t\t\t\t<\/div>\n\t\t\t\t<\/div>\n\t\t\t\t<div class=\"elementor-element elementor-element-ad9588f elementor-widget elementor-widget-text-editor\" data-id=\"ad9588f\" data-element_type=\"widget\" data-e-type=\"widget\" data-widget_type=\"text-editor.default\">\n\t\t\t\t<div class=\"elementor-widget-container\">\n\t\t\t\t\t\t\t\t\t<div>\n<p><b><span lang=\"EN-US\">Els de Nafent vam anar a passar un cap de setmana llarg a Menorca, on vam fer una ruta de 170 quil\u00f2metres amb bicicleta per explorar l\u2019illa. <\/span><\/b><\/p>\n<\/div>\n<div>\n<p><span lang=\"EN-US\">Menorca \u00e9s especialment coneguda com a destinaci\u00f3 tur\u00edstica, sobretot pels catalans i molts altres visitants procedents de pa\u00efsos europeus. Les platges s\u00f3n atractives i l\u2019aigua del mar \u00e9s m\u00e9s blava que a les illes del Carib. L\u2019illa, que \u00e9s la segona m\u00e9s gran de les Balears, t\u00e9 una longitud de 50 quil\u00f2metres i una amplada d\u2019uns 22 quil\u00f2metres i, per tant, si es pret\u00e9n explorar l\u2019illa en un sol dia, suposa a una gran jornada amb bicicleta.<\/span><\/p>\n<\/div>\n\t\t\t\t\t\t\t\t<\/div>\n\t\t\t\t<\/div>\n\t\t\t\t<div class=\"elementor-element elementor-element-4da11f32 elementor-widget elementor-widget-image\" data-id=\"4da11f32\" data-element_type=\"widget\" data-e-type=\"widget\" data-widget_type=\"image.default\">\n\t\t\t\t<div class=\"elementor-widget-container\">\n\t\t\t\t\t\t\t\t\t\t\t\t\t\t\t<img fetchpriority=\"high\" decoding=\"async\" width=\"1024\" height=\"608\" src=\"https:\/\/nafentmagazine.com\/wp-content\/uploads\/2022\/12\/map-20.05.54-1-1024x608.png\" class=\"attachment-large size-large wp-image-4238\" alt=\"\" srcset=\"https:\/\/nafentmagazine.com\/wp-content\/uploads\/2022\/12\/map-20.05.54-1-1024x608.png 1024w, https:\/\/nafentmagazine.com\/wp-content\/uploads\/2022\/12\/map-20.05.54-1-600x356.png 600w, https:\/\/nafentmagazine.com\/wp-content\/uploads\/2022\/12\/map-20.05.54-1-300x178.png 300w, https:\/\/nafentmagazine.com\/wp-content\/uploads\/2022\/12\/map-20.05.54-1-768x456.png 768w, https:\/\/nafentmagazine.com\/wp-content\/uploads\/2022\/12\/map-20.05.54-1-1536x912.png 1536w, https:\/\/nafentmagazine.com\/wp-content\/uploads\/2022\/12\/map-20.05.54-1-2048x1216.png 2048w\" sizes=\"(max-width: 1024px) 100vw, 1024px\" \/>\t\t\t\t\t\t\t\t\t\t\t\t\t\t\t<\/div>\n\t\t\t\t<\/div>\n\t\t\t\t<div class=\"elementor-element elementor-element-508cfc6 elementor-widget elementor-widget-text-editor\" data-id=\"508cfc6\" data-element_type=\"widget\" data-e-type=\"widget\" data-widget_type=\"text-editor.default\">\n\t\t\t\t<div class=\"elementor-widget-container\">\n\t\t\t\t\t\t\t\t\t<p><span lang=\"EN-US\">La nostra ruta de 170 quil\u00f2metres, que es pot dividir en diverses rutes m\u00e9s petites, t\u00e9 com a objectiu con\u00e8ixer tots els punts destacats de l\u2019illa d\u2019una tirada. Comencem a l\u2019ARTIEM Audax, un hotel de quatre estrelles ideal per a esportistes, que es troba a Serpentona (Cala Galdana). La platja est\u00e0 just al costat, a 100 metres, i en aquest dia c\u00e0lid i amb el so de les onades \u00e9s dif\u00edcil no quedar-s\u2019hi prenent el sol. Tot i aix\u00f2, tenim un prop\u00f2sit. \u00c9s d\u2019hora, s\u00f3n les 08:30, i quan tornem encara podrem anar a refrescar-nos a l\u2019aigua, tant al mar Mediterrani com al balneari de l\u2019hotel, que inclou una gran piscina.<\/span><\/p>\n\t\t\t\t\t\t\t\t<\/div>\n\t\t\t\t<\/div>\n\t\t\t\t<div class=\"elementor-element elementor-element-a98abe5 elementor-widget elementor-widget-image\" data-id=\"a98abe5\" data-element_type=\"widget\" data-e-type=\"widget\" data-widget_type=\"image.default\">\n\t\t\t\t<div class=\"elementor-widget-container\">\n\t\t\t\t\t\t\t\t\t\t\t\t\t\t\t<img decoding=\"async\" width=\"1024\" height=\"683\" src=\"https:\/\/nafentmagazine.com\/wp-content\/uploads\/2022\/12\/DSC4064-1024x683.jpg\" class=\"attachment-large size-large wp-image-4236\" alt=\"\" srcset=\"https:\/\/nafentmagazine.com\/wp-content\/uploads\/2022\/12\/DSC4064-1024x683.jpg 1024w, https:\/\/nafentmagazine.com\/wp-content\/uploads\/2022\/12\/DSC4064-600x400.jpg 600w, https:\/\/nafentmagazine.com\/wp-content\/uploads\/2022\/12\/DSC4064-300x200.jpg 300w, https:\/\/nafentmagazine.com\/wp-content\/uploads\/2022\/12\/DSC4064-768x512.jpg 768w, https:\/\/nafentmagazine.com\/wp-content\/uploads\/2022\/12\/DSC4064-1536x1025.jpg 1536w, https:\/\/nafentmagazine.com\/wp-content\/uploads\/2022\/12\/DSC4064-2048x1366.jpg 2048w\" sizes=\"(max-width: 1024px) 100vw, 1024px\" \/>\t\t\t\t\t\t\t\t\t\t\t\t\t\t\t<\/div>\n\t\t\t\t<\/div>\n\t\t\t\t<div class=\"elementor-element elementor-element-1b38c968 elementor-widget elementor-widget-text-editor\" data-id=\"1b38c968\" data-element_type=\"widget\" data-e-type=\"widget\" data-widget_type=\"text-editor.default\">\n\t\t\t\t<div class=\"elementor-widget-container\">\n\t\t\t\t\t\t\t\t\t<div>\n<p><span lang=\"EN-US\">Abans de dirigir-nos a l\u2019oest, cap a Ciutadella, fem la segona pujada m\u00e9s alta de l\u2019illa: s\u2019Enclusa. El cim es troba a 275 metres sobre el nivell del mar i \u00e9s un bon escalfament per tot el que ens vindr\u00e0. Aquesta tamb\u00e9 \u00e9s una de les pujades conegudes de la Volta Cicloturista Internacional de Menorca, un esdeveniment ciclista anual que atrau centenars de participants.<\/span><\/p>\n<\/div>\n<div>\n<p><span lang=\"EN-US\">Desitjar\u00edem una carretera \u00fanicament per nosaltres, els ciclistes, sobretot perqu\u00e8 de tornada tamb\u00e9 haurem d\u2019anar per la mateixa Me-1. Malgrat aquest tram, tot queda compensat quan arribem a Ciutadella. Al centre d\u2019aquest poble tur\u00edstic i al port hi trobem un gran ambent, amb molta gent menjant i bevent a les terrasses La nostra parada per prendre un caf\u00e8 \u00e9s al Trit\u00f3n, una cafeteria local que patrocina a un dels equips ciclistes de l\u2019illa i que resulta un lloc fant\u00e0stic per fer-hi una aturada r\u00e0pida. <\/span><\/p>\n<\/div>\n<div>\n<p><span lang=\"EN-US\">Despr\u00e9s de 48 quil\u00f2metres estem de tornada a Ferreries, des d\u2019on ens dirigim a Es Mercadal per afrontar la prova m\u00e9s exigent del dia: El Toro. En qualsevol cas, El Toro ofereix unes vistes espectaculars de tota l\u2019illa. \u00c9s una pujada curta fins a arribar al cim, per\u00f2 amb for\u00e7a pendent. Especialment l\u2019\u00faltima part de la pujada ens fa suar de valent. Tot i aix\u00f2, no ens haur\u00edem volgut perdre aquesta joia de muntanya i, a m\u00e9s, la baixada \u00e9s una gran recompensa al nostre esfor\u00e7. <\/span><\/p>\n<\/div>\n\t\t\t\t\t\t\t\t<\/div>\n\t\t\t\t<\/div>\n\t\t\t\t<div class=\"elementor-element elementor-element-2e1c15b elementor-widget elementor-widget-image\" data-id=\"2e1c15b\" data-element_type=\"widget\" data-e-type=\"widget\" data-widget_type=\"image.default\">\n\t\t\t\t<div class=\"elementor-widget-container\">\n\t\t\t\t\t\t\t\t\t\t\t\t\t\t\t<img decoding=\"async\" width=\"1024\" height=\"683\" src=\"https:\/\/nafentmagazine.com\/wp-content\/uploads\/2022\/12\/el-toro-3-1024x683.jpeg\" class=\"attachment-large size-large wp-image-4242\" alt=\"\" srcset=\"https:\/\/nafentmagazine.com\/wp-content\/uploads\/2022\/12\/el-toro-3-1024x683.jpeg 1024w, https:\/\/nafentmagazine.com\/wp-content\/uploads\/2022\/12\/el-toro-3-600x400.jpeg 600w, https:\/\/nafentmagazine.com\/wp-content\/uploads\/2022\/12\/el-toro-3-300x200.jpeg 300w, https:\/\/nafentmagazine.com\/wp-content\/uploads\/2022\/12\/el-toro-3-768x513.jpeg 768w, https:\/\/nafentmagazine.com\/wp-content\/uploads\/2022\/12\/el-toro-3-1536x1025.jpeg 1536w, https:\/\/nafentmagazine.com\/wp-content\/uploads\/2022\/12\/el-toro-3-2048x1367.jpeg 2048w\" sizes=\"(max-width: 1024px) 100vw, 1024px\" \/>\t\t\t\t\t\t\t\t\t\t\t\t\t\t\t<\/div>\n\t\t\t\t<\/div>\n\t\t\t\t<div class=\"elementor-element elementor-element-faa6721 elementor-widget elementor-widget-text-editor\" data-id=\"faa6721\" data-element_type=\"widget\" data-e-type=\"widget\" data-widget_type=\"text-editor.default\">\n\t\t\t\t<div class=\"elementor-widget-container\">\n\t\t\t\t\t\t\t\t\t<div> <\/div>\n<div>\n<div>\n<p><span lang=\"EN-US\">Bones carreteres, la majoria planes, poc transitades, vistes espectaculars: no \u00e9s un patiment pedalar per aqu\u00ed. La nostra ruta cap a Ma\u00f3, el segon poble m\u00e9s habitat i on est\u00e0 situat l\u2019aeroport, \u00e9s per carreteres secund\u00e0ries. Aquesta part de la ruta \u00e9s la m\u00e9s bonica que hem fet fins ara. Als afores de Ma\u00f3 ens espera una visita especial. <\/span><\/p>\n<\/div>\n<div>\n<p><span lang=\"EN-US\">Menorca t\u00e9 el seu propi museu del ciclisme, dirigit per l\u2019Arturo Sintes, fam\u00f3s a l\u2019escena ciclista de les Illes Balears. Ja ens espera a l\u2019entrada per donar-nos la benvinguda. Deixem les bicicletes a l\u2019interior del museu, que nom\u00e9s \u00e9s obert amb reserva pr\u00e8via. Sintes ens guia i ens ensenya tots els mallots que ha rebut de ciclistes espanyols al llarg dels anys Hi ha una secci\u00f3 especial al museu dedicada als ciclistes menorquins, on tamb\u00e9 veiem destaquedat el ciclista de Movistar, Albert Torres. Li encanta explicar la hist\u00f2ria de totes les bicicletes que t\u00e9 al museu, aix\u00ed com la secci\u00f3 de la Volta a Catalunya al centre del local. Resulta que no t\u00e9 prou espai per a tots els articles que t\u00e9 i al final ens acaba guiant fins al garatge que hi ha al costat del museu. <\/span><\/p>\n<\/div>\n<div>\n<p><span lang=\"EN-US\">Donem una visita r\u00e0pida al nostre mec\u00e0nic, que ens va llogar les bicicletes per a aquest cap de setmana, Bike Menorca. En Fernando Casanova, el propietari, ens recomana anar al centre de la ciutat per dinar, ja que el cam\u00ed de tornada per la costa sud ser\u00e0 un repte. \u201cPendents i descensos pronunciats\u201d, ens diu, \u201cval m\u00e9s que us carregueu d\u2019energia extra\u201d. <\/span><\/p>\n<\/div>\n<\/div>\n\t\t\t\t\t\t\t\t<\/div>\n\t\t\t\t<\/div>\n\t\t\t\t<div class=\"elementor-element elementor-element-5edc03f elementor-widget elementor-widget-image\" data-id=\"5edc03f\" data-element_type=\"widget\" data-e-type=\"widget\" data-widget_type=\"image.default\">\n\t\t\t\t<div class=\"elementor-widget-container\">\n\t\t\t\t\t\t\t\t\t\t\t\t\t\t\t<img loading=\"lazy\" decoding=\"async\" width=\"1024\" height=\"768\" src=\"https:\/\/nafentmagazine.com\/wp-content\/uploads\/2022\/12\/Cycling-museum-3-1024x768.jpg\" class=\"attachment-large size-large wp-image-4246\" alt=\"\" srcset=\"https:\/\/nafentmagazine.com\/wp-content\/uploads\/2022\/12\/Cycling-museum-3-1024x768.jpg 1024w, https:\/\/nafentmagazine.com\/wp-content\/uploads\/2022\/12\/Cycling-museum-3-600x450.jpg 600w, https:\/\/nafentmagazine.com\/wp-content\/uploads\/2022\/12\/Cycling-museum-3-300x225.jpg 300w, https:\/\/nafentmagazine.com\/wp-content\/uploads\/2022\/12\/Cycling-museum-3-768x576.jpg 768w, https:\/\/nafentmagazine.com\/wp-content\/uploads\/2022\/12\/Cycling-museum-3-1536x1152.jpg 1536w, https:\/\/nafentmagazine.com\/wp-content\/uploads\/2022\/12\/Cycling-museum-3.jpg 2048w\" sizes=\"(max-width: 1024px) 100vw, 1024px\" \/>\t\t\t\t\t\t\t\t\t\t\t\t\t\t\t<\/div>\n\t\t\t\t<\/div>\n\t\t\t\t<div class=\"elementor-element elementor-element-590cd81 elementor-widget elementor-widget-text-editor\" data-id=\"590cd81\" data-element_type=\"widget\" data-e-type=\"widget\" data-widget_type=\"text-editor.default\">\n\t\t\t\t<div class=\"elementor-widget-container\">\n\t\t\t\t\t\t\t\t\t<div>\n<p><span lang=\"EN-US\">Aqu\u00ed les carreteres s\u00f3n m\u00e9s tranquil\u00b7les, per\u00f2 tamb\u00e9 m\u00e9s desafiants. El mec\u00e0nic de Bike Menorca tenia ra\u00f3: aquesta part de la ruta \u00e9s exigent, sobretot perqu\u00e8 ja portem 120 quil\u00f2metres a les cames. No podem anar al nostre ritme habitual en aquestes carreteres amb pendents, per\u00f2 les vistes del Mar Mediterrani s\u00f3n impressionants. Ens aturem uns segons a Binidal\u00ed per deixar que la tranquil\u00b7litat i la bellesa de l\u2019illa ens impregnin. <\/span><\/p>\n<\/div>\n<div>\n<p><span lang=\"EN-US\">Mentrestant, les platges s\u2019han omplert de turistes que no s\u2019han plantejat agafar la bicicleta i fer una volta per l\u2019illa a cop de pedal. Cap d\u2019ells ha tingut una experi\u00e8ncia similar a la nostra, ens adonem que som uns privilegiats. A l\u2019hotel demanem una mica de menjar abans d\u2019unir-nos amb la resta de turistes de la platja. <\/span><\/p>\n<\/div>\n<div>\n<p><span lang=\"EN-US\">Durant la nit parlem del nostre gran viatge a Menorca. Val la pena venir aqu\u00ed, estem d\u2019acord. La carretera principal entre Ma\u00f3 i Ciutadella \u00e9s un inconvenient per als ciclistes de carretera, seria fant\u00e0stic que hi hagu\u00e9s una alternativa. Per\u00f2 definitivament tornarem, sobretot per a la Volta Cicloturista Internacional a Menorca, on molts ciclistes venen a l\u2019illa per a gaudir amb bicicleta, experimentar les tradicions locals i visitar els llocs tur\u00edstics. I coincidim que sempre \u00e9s millor con\u00e8ixer una nova destinaci\u00f3 ciclista en companyia. <\/span><\/p>\n<\/div>\n\t\t\t\t\t\t\t\t<\/div>\n\t\t\t\t<\/div>\n\t\t\t\t<div class=\"elementor-element elementor-element-9183383 elementor-widget elementor-widget-image\" data-id=\"9183383\" data-element_type=\"widget\" data-e-type=\"widget\" data-widget_type=\"image.default\">\n\t\t\t\t<div class=\"elementor-widget-container\">\n\t\t\t\t\t\t\t\t\t\t\t\t\t\t\t<img loading=\"lazy\" decoding=\"async\" width=\"1024\" height=\"205\" src=\"https:\/\/nafentmagazine.com\/wp-content\/uploads\/2022\/12\/tour-profile-1024x205.png\" class=\"attachment-large size-large wp-image-4248\" alt=\"\" srcset=\"https:\/\/nafentmagazine.com\/wp-content\/uploads\/2022\/12\/tour-profile-1024x205.png 1024w, https:\/\/nafentmagazine.com\/wp-content\/uploads\/2022\/12\/tour-profile-600x120.png 600w, https:\/\/nafentmagazine.com\/wp-content\/uploads\/2022\/12\/tour-profile-300x60.png 300w, https:\/\/nafentmagazine.com\/wp-content\/uploads\/2022\/12\/tour-profile-768x154.png 768w, https:\/\/nafentmagazine.com\/wp-content\/uploads\/2022\/12\/tour-profile-1536x307.png 1536w, https:\/\/nafentmagazine.com\/wp-content\/uploads\/2022\/12\/tour-profile-2048x410.png 2048w\" sizes=\"(max-width: 1024px) 100vw, 1024px\" \/>\t\t\t\t\t\t\t\t\t\t\t\t\t\t\t<\/div>\n\t\t\t\t<\/div>\n\t\t\t\t<div class=\"elementor-element elementor-element-e39ed96 elementor-widget elementor-widget-text-editor\" data-id=\"e39ed96\" data-element_type=\"widget\" data-e-type=\"widget\" data-widget_type=\"text-editor.default\">\n\t\t\t\t<div class=\"elementor-widget-container\">\n\t\t\t\t\t\t\t\t\t<div> <\/div>\n<div>\n<p style=\"font-weight: 400;\"><strong>Aquesta hist\u00f2ria forma part del quart volum de la revista Nafent. Llegeix-lo complet a la nostra revista digital o en paper. Visita la nostra <\/strong><a href=\"https:\/\/nafentmagazine.com\/shop\/\"><strong>botiga online<\/strong><\/a> <strong>o compra la teva en un dels nostres<\/strong> <a href=\"https:\/\/nafentmagazine.com\/ca\/punts-de-venda\/\"><strong>establiments<\/strong><\/a> <strong>associats<\/strong>.<\/p>\n<\/div>\n\t\t\t\t\t\t\t\t<\/div>\n\t\t\t\t<\/div>\n\t\t\t\t<div class=\"elementor-element elementor-element-632615b9 elementor-widget elementor-widget-heading\" data-id=\"632615b9\" data-element_type=\"widget\" data-e-type=\"widget\" data-widget_type=\"heading.default\">\n\t\t\t\t<div class=\"elementor-widget-container\">\n\t\t\t\t\t<p class=\"elementor-heading-title elementor-size-default\">Hist\u00f2ries relacionades<\/p>\t\t\t\t<\/div>\n\t\t\t\t<\/div>\n\t\t\t\t<div class=\"elementor-element elementor-element-35cb645e elementor-grid-eael-col-4 elementor-grid-tablet-eael-col-2 elementor-grid-mobile-eael-col-1 elementor-widget elementor-widget-eael-post-grid\" data-id=\"35cb645e\" data-element_type=\"widget\" data-e-type=\"widget\" data-settings=\"{&quot;eael_post_grid_columns&quot;:&quot;eael-col-4&quot;,&quot;eael_post_grid_columns_tablet&quot;:&quot;eael-col-2&quot;,&quot;eael_post_grid_columns_mobile&quot;:&quot;eael-col-1&quot;}\" data-widget_type=\"eael-post-grid.default\">\n\t\t\t\t<div class=\"elementor-widget-container\">\n\t\t\t\t\t<div id=\"eael-post-grid-35cb645e\" class=\"eael-post-grid-container\">\n            <div class=\"eael-post-grid eael-post-appender eael-post-appender-35cb645e eael-post-grid-style-one\" data-layout-mode=\"grid\"><article class=\"eael-grid-post  eael-post-grid-column eael-pg-post-12873 category-bergueda-ciclisme-de-carretera-ciclisme tags-coll-de-pal-coll-de-pradell-la-creueta-rutes\" data-id=\"12873\">\n        <div class=\"eael-grid-post-holder\">\n            <div class=\"eael-grid-post-holder-inner\"><div class=\"eael-entry-media\"><div class=\"eael-entry-overlay fade-in\"><i class=\"\" aria-hidden=\"true\"><\/i><a href=\"https:\/\/nafentmagazine.com\/ca\/ports-del-bergueda-lalta-muntanya-silenciosa-del-ciclisme-catala\/\"><\/a><\/div><div class=\"eael-entry-thumbnail \">\n                <img loading=\"lazy\" decoding=\"async\" width=\"300\" height=\"200\" src=\"https:\/\/nafentmagazine.com\/wp-content\/uploads\/2026\/04\/colldepal-4-300x200.webp\" class=\"attachment-medium size-medium wp-image-12857\" alt=\"Coll de Pal Nafent\" srcset=\"https:\/\/nafentmagazine.com\/wp-content\/uploads\/2026\/04\/colldepal-4-300x200.webp 300w, https:\/\/nafentmagazine.com\/wp-content\/uploads\/2026\/04\/colldepal-4-1024x683.webp 1024w, https:\/\/nafentmagazine.com\/wp-content\/uploads\/2026\/04\/colldepal-4-768x512.webp 768w, https:\/\/nafentmagazine.com\/wp-content\/uploads\/2026\/04\/colldepal-4-1536x1024.webp 1536w, https:\/\/nafentmagazine.com\/wp-content\/uploads\/2026\/04\/colldepal-4-2048x1365.webp 2048w, https:\/\/nafentmagazine.com\/wp-content\/uploads\/2026\/04\/colldepal-4-600x400.webp 600w\" sizes=\"(max-width: 300px) 100vw, 300px\" \/>\n            <\/div>\n        <\/div><div class=\"eael-entry-wrapper\"><header class=\"eael-entry-header\"><p class=\"eael-entry-title\"><a class=\"eael-grid-post-link\" href=\"https:\/\/nafentmagazine.com\/ca\/ports-del-bergueda-lalta-muntanya-silenciosa-del-ciclisme-catala\/\" title=\"Ports del Bergued\u00e0: l\u2019alta muntanya silenciosa del ciclisme catal\u00e0\">Ports del Bergued\u00e0: l\u2019alta muntanya silenciosa del ciclisme catal\u00e0<\/a><\/p><\/header><\/div><\/div>\n        <\/div>\n    <\/article><article class=\"eael-grid-post  eael-post-grid-column eael-pg-post-12852 category-barcelona-ciclisme-ciclisme-running-%f0%9f%8f%83 tags-catalunya-ca\" data-id=\"12852\">\n        <div class=\"eael-grid-post-holder\">\n            <div class=\"eael-grid-post-holder-inner\"><div class=\"eael-entry-media\"><div class=\"eael-entry-overlay fade-in\"><i class=\"\" aria-hidden=\"true\"><\/i><a href=\"https:\/\/nafentmagazine.com\/ca\/nou-concepte-desport-de-resistencia-a-barcelona-bike-trail-challenge\/\"><\/a><\/div><div class=\"eael-entry-thumbnail \">\n                <img loading=\"lazy\" decoding=\"async\" width=\"300\" height=\"229\" src=\"https:\/\/nafentmagazine.com\/wp-content\/uploads\/2026\/04\/Nota-de-premsa-Endurance-Horizon-2026-21-300x229.webp\" class=\"attachment-medium size-medium wp-image-12842\" alt=\"\" srcset=\"https:\/\/nafentmagazine.com\/wp-content\/uploads\/2026\/04\/Nota-de-premsa-Endurance-Horizon-2026-21-300x229.webp 300w, https:\/\/nafentmagazine.com\/wp-content\/uploads\/2026\/04\/Nota-de-premsa-Endurance-Horizon-2026-21-1024x781.webp 1024w, https:\/\/nafentmagazine.com\/wp-content\/uploads\/2026\/04\/Nota-de-premsa-Endurance-Horizon-2026-21-768x586.webp 768w, https:\/\/nafentmagazine.com\/wp-content\/uploads\/2026\/04\/Nota-de-premsa-Endurance-Horizon-2026-21-600x458.webp 600w, https:\/\/nafentmagazine.com\/wp-content\/uploads\/2026\/04\/Nota-de-premsa-Endurance-Horizon-2026-21.webp 1300w\" sizes=\"(max-width: 300px) 100vw, 300px\" \/>\n            <\/div>\n        <\/div><div class=\"eael-entry-wrapper\"><header class=\"eael-entry-header\"><p class=\"eael-entry-title\"><a class=\"eael-grid-post-link\" href=\"https:\/\/nafentmagazine.com\/ca\/nou-concepte-desport-de-resistencia-a-barcelona-bike-trail-challenge\/\" title=\"Nou concepte d\u2019esport de resist\u00e8ncia a Barcelona: Bike &amp; Trail Challenge\">Nou concepte d\u2019esport de resist\u00e8ncia a Barcelona: Bike &amp; Trail Challenge<\/a><\/p><\/header><\/div><\/div>\n        <\/div>\n    <\/article><article class=\"eael-grid-post  eael-post-grid-column eael-pg-post-12819 category-ciclisme-cultura-del-ciclisme-entrevistes-histories-ripolles tags-campdevanol-coll-dares\" data-id=\"12819\">\n        <div class=\"eael-grid-post-holder\">\n            <div class=\"eael-grid-post-holder-inner\"><div class=\"eael-entry-media\"><div class=\"eael-entry-overlay fade-in\"><i class=\"\" aria-hidden=\"true\"><\/i><a href=\"https:\/\/nafentmagazine.com\/ca\/una-celebracio-especial-pels-40-anys-de-la-unio-ciclista-campdevanol\/\"><\/a><\/div><div class=\"eael-entry-thumbnail \">\n                <img loading=\"lazy\" decoding=\"async\" width=\"300\" height=\"226\" src=\"https:\/\/nafentmagazine.com\/wp-content\/uploads\/2026\/04\/669117675_1250670593717669_2538272599145134605_n-300x226.webp\" class=\"attachment-medium size-medium wp-image-12807\" alt=\"A special celebration for 40 years of Uni\u00f3 Ciclista Campdev\u00e0nol\" srcset=\"https:\/\/nafentmagazine.com\/wp-content\/uploads\/2026\/04\/669117675_1250670593717669_2538272599145134605_n-300x226.webp 300w, https:\/\/nafentmagazine.com\/wp-content\/uploads\/2026\/04\/669117675_1250670593717669_2538272599145134605_n-1024x771.webp 1024w, https:\/\/nafentmagazine.com\/wp-content\/uploads\/2026\/04\/669117675_1250670593717669_2538272599145134605_n-768x578.webp 768w, https:\/\/nafentmagazine.com\/wp-content\/uploads\/2026\/04\/669117675_1250670593717669_2538272599145134605_n-1536x1156.webp 1536w, https:\/\/nafentmagazine.com\/wp-content\/uploads\/2026\/04\/669117675_1250670593717669_2538272599145134605_n-600x452.webp 600w, https:\/\/nafentmagazine.com\/wp-content\/uploads\/2026\/04\/669117675_1250670593717669_2538272599145134605_n.webp 1600w\" sizes=\"(max-width: 300px) 100vw, 300px\" \/>\n            <\/div>\n        <\/div><div class=\"eael-entry-wrapper\"><header class=\"eael-entry-header\"><p class=\"eael-entry-title\"><a class=\"eael-grid-post-link\" href=\"https:\/\/nafentmagazine.com\/ca\/una-celebracio-especial-pels-40-anys-de-la-unio-ciclista-campdevanol\/\" title=\"Una celebraci\u00f3 especial pels 40 anys de la Uni\u00f3 Ciclista Campdev\u00e0nol\">Una celebraci\u00f3 especial pels 40 anys de la Uni\u00f3 Ciclista Campdev\u00e0nol<\/a><\/p><\/header><\/div><\/div>\n        <\/div>\n    <\/article><article class=\"eael-grid-post  eael-post-grid-column eael-pg-post-12794 category-cultura-del-ciclisme-histories-menjar-i-nutricio-viatges tags-besalu\" data-id=\"12794\">\n        <div class=\"eael-grid-post-holder\">\n            <div class=\"eael-grid-post-holder-inner\"><div class=\"eael-entry-media\"><div class=\"eael-entry-overlay fade-in\"><i class=\"\" aria-hidden=\"true\"><\/i><a href=\"https:\/\/nafentmagazine.com\/ca\/no-pots-apressar-la-fermentacio-ni-tampoc-una-bona-sortida\/\"><\/a><\/div><div class=\"eael-entry-thumbnail \">\n                <img loading=\"lazy\" decoding=\"async\" width=\"200\" height=\"300\" src=\"https:\/\/nafentmagazine.com\/wp-content\/uploads\/2026\/04\/Hopsters-Restaurant-Dec-25-86-200x300.webp\" class=\"attachment-medium size-medium wp-image-12777\" alt=\"Hopsters Restaurant Dec 25-86\" srcset=\"https:\/\/nafentmagazine.com\/wp-content\/uploads\/2026\/04\/Hopsters-Restaurant-Dec-25-86-200x300.webp 200w, https:\/\/nafentmagazine.com\/wp-content\/uploads\/2026\/04\/Hopsters-Restaurant-Dec-25-86-683x1024.webp 683w, https:\/\/nafentmagazine.com\/wp-content\/uploads\/2026\/04\/Hopsters-Restaurant-Dec-25-86-768x1152.webp 768w, https:\/\/nafentmagazine.com\/wp-content\/uploads\/2026\/04\/Hopsters-Restaurant-Dec-25-86-1024x1536.webp 1024w, https:\/\/nafentmagazine.com\/wp-content\/uploads\/2026\/04\/Hopsters-Restaurant-Dec-25-86-1365x2048.webp 1365w, https:\/\/nafentmagazine.com\/wp-content\/uploads\/2026\/04\/Hopsters-Restaurant-Dec-25-86-600x900.webp 600w, https:\/\/nafentmagazine.com\/wp-content\/uploads\/2026\/04\/Hopsters-Restaurant-Dec-25-86-scaled.webp 1707w\" sizes=\"(max-width: 200px) 100vw, 200px\" \/>\n            <\/div>\n        <\/div><div class=\"eael-entry-wrapper\"><header class=\"eael-entry-header\"><p class=\"eael-entry-title\"><a class=\"eael-grid-post-link\" href=\"https:\/\/nafentmagazine.com\/ca\/no-pots-apressar-la-fermentacio-ni-tampoc-una-bona-sortida\/\" title=\"&#8216;No pots apressar la fermentaci\u00f3, ni tampoc una bona sortida&#8217;\">&#8216;No pots apressar la fermentaci\u00f3, ni tampoc una bona sortida&#8217;<\/a><\/p><\/header><\/div><\/div>\n        <\/div>\n    <\/article><\/div>\n            <div class=\"clearfix\"><\/div>\n        <\/div>            <div class=\"eael-load-more-button-wrap eael-force-hide\">\n                <button class=\"eael-load-more-button\" id=\"eael-load-more-btn-35cb645e\" data-widget-id=\"35cb645e\" data-widget=\"35cb645e\" data-page-id=\"4253\" data-template=\"{&quot;dir&quot;:&quot;lite&quot;,&quot;file_name&quot;:&quot;one.php&quot;,&quot;name&quot;:&quot;Post-Grid&quot;}\" data-class=\"Essential_Addons_Elementor\\Elements\\Post_Grid\" data-layout=\"grid\" data-page=\"1\" data-args=\"orderby=date&amp;order=desc&amp;ignore_sticky_posts=1&amp;post_status=publish&amp;posts_per_page=4&amp;offset=0&amp;post_type=post&amp;post__not_in%5B0%5D=626\" data-max-page=\"54\">\n                    <span class=\"eael-btn-loader button__loader\"><\/span>\n                    <span class=\"eael_load_more_text\">M\u00c9S INFORMACI\u00d3<\/span>\n                <\/button>\n            <\/div>\n            \t\t\t\t<\/div>\n\t\t\t\t<\/div>\n\t\t\t\t\t<\/div>\n\t\t<\/div>\n\t\t\t\t\t<\/div>\n\t\t<\/section>\n\t\t\t\t<section class=\"elementor-section elementor-top-section elementor-element elementor-element-61e7ea5f elementor-section-boxed elementor-section-height-default elementor-section-height-default\" data-id=\"61e7ea5f\" data-element_type=\"section\" data-e-type=\"section\">\n\t\t\t\t\t\t<div class=\"elementor-container elementor-column-gap-default\">\n\t\t\t\t\t<div class=\"elementor-column elementor-col-100 elementor-top-column elementor-element elementor-element-494e9e4e\" data-id=\"494e9e4e\" data-element_type=\"column\" data-e-type=\"column\">\n\t\t\t<div class=\"elementor-widget-wrap\">\n\t\t\t\t\t\t\t<\/div>\n\t\t<\/div>\n\t\t\t\t\t<\/div>\n\t\t<\/section>\n\t\t\t\t<\/div>\n\t\t","protected":false},"excerpt":{"rendered":"<p>Els de Nafent vam anar a passar un cap de setmana llarg a Menorca, on vam fer una ruta de 170 quil\u00f2metres amb bicicleta per explorar l\u2019illa. <\/p>\n","protected":false},"author":43,"featured_media":4223,"comment_status":"closed","ping_status":"open","sticky":false,"template":"elementor_header_footer","format":"standard","meta":{"_ppp_document_settings_meta":"","site-sidebar-layout":"default","site-content-layout":"","ast-site-content-layout":"default","site-content-style":"default","site-sidebar-style":"default","ast-global-header-display":"","ast-banner-title-visibility":"","ast-main-header-display":"","ast-hfb-above-header-display":"","ast-hfb-below-header-display":"","ast-hfb-mobile-header-display":"","site-post-title":"","ast-breadcrumbs-content":"","ast-featured-img":"","footer-sml-layout":"","ast-disable-related-posts":"","theme-transparent-header-meta":"","adv-header-id-meta":"","stick-header-meta":"","header-above-stick-meta":"","header-main-stick-meta":"","header-below-stick-meta":"","astra-migrate-meta-layouts":"default","ast-page-background-enabled":"default","ast-page-background-meta":{"desktop":{"background-color":"","background-image":"","background-repeat":"repeat","background-position":"center center","background-size":"auto","background-attachment":"scroll","background-type":"","background-media":"","overlay-type":"","overlay-color":"","overlay-opacity":"","overlay-gradient":""},"tablet":{"background-color":"","background-image":"","background-repeat":"repeat","background-position":"center center","background-size":"auto","background-attachment":"scroll","background-type":"","background-media":"","overlay-type":"","overlay-color":"","overlay-opacity":"","overlay-gradient":""},"mobile":{"background-color":"","background-image":"","background-repeat":"repeat","background-position":"center center","background-size":"auto","background-attachment":"scroll","background-type":"","background-media":"","overlay-type":"","overlay-color":"","overlay-opacity":"","overlay-gradient":""}},"ast-content-background-meta":{"desktop":{"background-color":"var(--ast-global-color-5)","background-image":"","background-repeat":"repeat","background-position":"center center","background-size":"auto","background-attachment":"scroll","background-type":"","background-media":"","overlay-type":"","overlay-color":"","overlay-opacity":"","overlay-gradient":""},"tablet":{"background-color":"var(--ast-global-color-5)","background-image":"","background-repeat":"repeat","background-position":"center center","background-size":"auto","background-attachment":"scroll","background-type":"","background-media":"","overlay-type":"","overlay-color":"","overlay-opacity":"","overlay-gradient":""},"mobile":{"background-color":"var(--ast-global-color-5)","background-image":"","background-repeat":"repeat","background-position":"center center","background-size":"auto","background-attachment":"scroll","background-type":"","background-media":"","overlay-type":"","overlay-color":"","overlay-opacity":"","overlay-gradient":""}},"_jetpack_memberships_contains_paid_content":false,"footnotes":""},"categories":[257,152,60,270],"tags":[224,225],"class_list":["post-4253","post","type-post","status-publish","format-standard","has-post-thumbnail","hentry","category-ciclisme-a-mallorca","category-culture","category-histories","category-viatges","tag-mallorca-ca","tag-menorca-ca"],"yoast_head":"<!-- This site is optimized with the Yoast SEO plugin v27.4 - https:\/\/yoast.com\/product\/yoast-seo-wordpress\/ -->\n<title>Val la pena visitar Menorca amb bicicleta? | Nafent Magazine<\/title>\n<meta name=\"description\" content=\"Els de Nafent vam anar a passar un cap de setmana llarg a Menorca, on vam fer una ruta de 170 quil\u00f2metres amb bicicleta per explorar l\u2019illa.\" \/>\n<meta name=\"robots\" content=\"index, follow, max-snippet:-1, max-image-preview:large, max-video-preview:-1\" \/>\n<link rel=\"canonical\" href=\"https:\/\/nafentmagazine.com\/ca\/val-la-pena-visitar-menorca-amb-bicicleta\/\" \/>\n<meta property=\"og:locale\" content=\"ca_ES\" \/>\n<meta property=\"og:type\" content=\"article\" \/>\n<meta property=\"og:title\" content=\"Val la pena visitar Menorca amb bicicleta? | Nafent Magazine\" \/>\n<meta property=\"og:description\" content=\"Els de Nafent vam anar a passar un cap de setmana llarg a Menorca, on vam fer una ruta de 170 quil\u00f2metres amb bicicleta per explorar l\u2019illa.\" \/>\n<meta property=\"og:url\" content=\"https:\/\/nafentmagazine.com\/ca\/val-la-pena-visitar-menorca-amb-bicicleta\/\" \/>\n<meta property=\"og:site_name\" content=\"Nafent Magazine\" \/>\n<meta property=\"article:publisher\" content=\"https:\/\/www.facebook.com\/Nafentmagazine\" \/>\n<meta property=\"article:published_time\" content=\"2022-12-10T09:21:53+00:00\" \/>\n<meta property=\"article:modified_time\" content=\"2024-11-19T21:25:49+00:00\" \/>\n<meta property=\"og:image\" content=\"https:\/\/nafentmagazine.com\/wp-content\/uploads\/2022\/12\/map-20.05.54.png\" \/>\n\t<meta property=\"og:image:width\" content=\"1720\" \/>\n\t<meta property=\"og:image:height\" content=\"1080\" \/>\n\t<meta property=\"og:image:type\" content=\"image\/png\" \/>\n<meta name=\"author\" content=\"Guida Pons\" \/>\n<meta name=\"twitter:card\" content=\"summary_large_image\" \/>\n<meta name=\"twitter:label1\" content=\"Escrit per\" \/>\n\t<meta name=\"twitter:data1\" content=\"Guida Pons\" \/>\n\t<meta name=\"twitter:label2\" content=\"Temps estimat de lectura\" \/>\n\t<meta name=\"twitter:data2\" content=\"5 minuts\" \/>\n<script type=\"application\/ld+json\" class=\"yoast-schema-graph\">{\"@context\":\"https:\\\/\\\/schema.org\",\"@graph\":[{\"@type\":\"Article\",\"@id\":\"https:\\\/\\\/nafentmagazine.com\\\/ca\\\/val-la-pena-visitar-menorca-amb-bicicleta\\\/#article\",\"isPartOf\":{\"@id\":\"https:\\\/\\\/nafentmagazine.com\\\/ca\\\/val-la-pena-visitar-menorca-amb-bicicleta\\\/\"},\"author\":{\"name\":\"Guida Pons\",\"@id\":\"https:\\\/\\\/nafentmagazine.com\\\/#\\\/schema\\\/person\\\/e56b9181a5d603b9d269d8f29a1d9000\"},\"headline\":\"Val la pena visitar Menorca amb bicicleta?\",\"datePublished\":\"2022-12-10T09:21:53+00:00\",\"dateModified\":\"2024-11-19T21:25:49+00:00\",\"mainEntityOfPage\":{\"@id\":\"https:\\\/\\\/nafentmagazine.com\\\/ca\\\/val-la-pena-visitar-menorca-amb-bicicleta\\\/\"},\"wordCount\":1087,\"publisher\":{\"@id\":\"https:\\\/\\\/nafentmagazine.com\\\/#organization\"},\"image\":{\"@id\":\"https:\\\/\\\/nafentmagazine.com\\\/ca\\\/val-la-pena-visitar-menorca-amb-bicicleta\\\/#primaryimage\"},\"thumbnailUrl\":\"https:\\\/\\\/nafentmagazine.com\\\/wp-content\\\/uploads\\\/2022\\\/12\\\/map-20.05.54.png\",\"keywords\":[\"Mallorca\",\"Menorca\"],\"articleSection\":[\"Ciclisme a Mallorca\",\"Culture\",\"Hist\u00f2ries de Nafent Magazine\",\"Viatges\"],\"inLanguage\":\"ca\"},{\"@type\":\"WebPage\",\"@id\":\"https:\\\/\\\/nafentmagazine.com\\\/ca\\\/val-la-pena-visitar-menorca-amb-bicicleta\\\/\",\"url\":\"https:\\\/\\\/nafentmagazine.com\\\/ca\\\/val-la-pena-visitar-menorca-amb-bicicleta\\\/\",\"name\":\"Val la pena visitar Menorca amb bicicleta? | Nafent Magazine\",\"isPartOf\":{\"@id\":\"https:\\\/\\\/nafentmagazine.com\\\/#website\"},\"primaryImageOfPage\":{\"@id\":\"https:\\\/\\\/nafentmagazine.com\\\/ca\\\/val-la-pena-visitar-menorca-amb-bicicleta\\\/#primaryimage\"},\"image\":{\"@id\":\"https:\\\/\\\/nafentmagazine.com\\\/ca\\\/val-la-pena-visitar-menorca-amb-bicicleta\\\/#primaryimage\"},\"thumbnailUrl\":\"https:\\\/\\\/nafentmagazine.com\\\/wp-content\\\/uploads\\\/2022\\\/12\\\/map-20.05.54.png\",\"datePublished\":\"2022-12-10T09:21:53+00:00\",\"dateModified\":\"2024-11-19T21:25:49+00:00\",\"description\":\"Els de Nafent vam anar a passar un cap de setmana llarg a Menorca, on vam fer una ruta de 170 quil\u00f2metres amb bicicleta per explorar l\u2019illa.\",\"breadcrumb\":{\"@id\":\"https:\\\/\\\/nafentmagazine.com\\\/ca\\\/val-la-pena-visitar-menorca-amb-bicicleta\\\/#breadcrumb\"},\"inLanguage\":\"ca\",\"potentialAction\":[{\"@type\":\"ReadAction\",\"target\":[\"https:\\\/\\\/nafentmagazine.com\\\/ca\\\/val-la-pena-visitar-menorca-amb-bicicleta\\\/\"]}]},{\"@type\":\"ImageObject\",\"inLanguage\":\"ca\",\"@id\":\"https:\\\/\\\/nafentmagazine.com\\\/ca\\\/val-la-pena-visitar-menorca-amb-bicicleta\\\/#primaryimage\",\"url\":\"https:\\\/\\\/nafentmagazine.com\\\/wp-content\\\/uploads\\\/2022\\\/12\\\/map-20.05.54.png\",\"contentUrl\":\"https:\\\/\\\/nafentmagazine.com\\\/wp-content\\\/uploads\\\/2022\\\/12\\\/map-20.05.54.png\",\"width\":1720,\"height\":1080},{\"@type\":\"BreadcrumbList\",\"@id\":\"https:\\\/\\\/nafentmagazine.com\\\/ca\\\/val-la-pena-visitar-menorca-amb-bicicleta\\\/#breadcrumb\",\"itemListElement\":[{\"@type\":\"ListItem\",\"position\":1,\"name\":\"Home\",\"item\":\"https:\\\/\\\/nafentmagazine.com\\\/\"},{\"@type\":\"ListItem\",\"position\":2,\"name\":\"Val la pena visitar Menorca amb bicicleta?\"}]},{\"@type\":\"WebSite\",\"@id\":\"https:\\\/\\\/nafentmagazine.com\\\/#website\",\"url\":\"https:\\\/\\\/nafentmagazine.com\\\/\",\"name\":\"Nafent Magazine\",\"description\":\"The Catalan cycling magazine\",\"publisher\":{\"@id\":\"https:\\\/\\\/nafentmagazine.com\\\/#organization\"},\"alternateName\":\"Revista Nafent\",\"potentialAction\":[{\"@type\":\"SearchAction\",\"target\":{\"@type\":\"EntryPoint\",\"urlTemplate\":\"https:\\\/\\\/nafentmagazine.com\\\/?s={search_term_string}\"},\"query-input\":{\"@type\":\"PropertyValueSpecification\",\"valueRequired\":true,\"valueName\":\"search_term_string\"}}],\"inLanguage\":\"ca\"},{\"@type\":\"Organization\",\"@id\":\"https:\\\/\\\/nafentmagazine.com\\\/#organization\",\"name\":\"Nafent Magazine\",\"url\":\"https:\\\/\\\/nafentmagazine.com\\\/\",\"logo\":{\"@type\":\"ImageObject\",\"inLanguage\":\"ca\",\"@id\":\"https:\\\/\\\/nafentmagazine.com\\\/#\\\/schema\\\/logo\\\/image\\\/\",\"url\":\"https:\\\/\\\/nafentmagazine.com\\\/wp-content\\\/uploads\\\/2021\\\/12\\\/cropped-cropped-logo-full.png\",\"contentUrl\":\"https:\\\/\\\/nafentmagazine.com\\\/wp-content\\\/uploads\\\/2021\\\/12\\\/cropped-cropped-logo-full.png\",\"width\":900,\"height\":327,\"caption\":\"Nafent Magazine\"},\"image\":{\"@id\":\"https:\\\/\\\/nafentmagazine.com\\\/#\\\/schema\\\/logo\\\/image\\\/\"},\"sameAs\":[\"https:\\\/\\\/www.facebook.com\\\/Nafentmagazine\",\"https:\\\/\\\/www.instagram.com\\\/nafentmagazine\\\/\",\"https:\\\/\\\/www.linkedin.com\\\/company\\\/77097325\\\/\"]},{\"@type\":\"Person\",\"@id\":\"https:\\\/\\\/nafentmagazine.com\\\/#\\\/schema\\\/person\\\/e56b9181a5d603b9d269d8f29a1d9000\",\"name\":\"Guida Pons\",\"image\":{\"@type\":\"ImageObject\",\"inLanguage\":\"ca\",\"@id\":\"https:\\\/\\\/secure.gravatar.com\\\/avatar\\\/e3da5a4b83e25fddd7d6b28fe8ce7ff8bc0a2222b6c7d9fa597d0d6817681316?s=96&d=mm&r=g\",\"url\":\"https:\\\/\\\/secure.gravatar.com\\\/avatar\\\/e3da5a4b83e25fddd7d6b28fe8ce7ff8bc0a2222b6c7d9fa597d0d6817681316?s=96&d=mm&r=g\",\"contentUrl\":\"https:\\\/\\\/secure.gravatar.com\\\/avatar\\\/e3da5a4b83e25fddd7d6b28fe8ce7ff8bc0a2222b6c7d9fa597d0d6817681316?s=96&d=mm&r=g\",\"caption\":\"Guida Pons\"},\"url\":\"https:\\\/\\\/nafentmagazine.com\\\/ca\\\/author\\\/guida\\\/\"}]}<\/script>\n<!-- \/ Yoast SEO plugin. -->","yoast_head_json":{"title":"Val la pena visitar Menorca amb bicicleta? | Nafent Magazine","description":"Els de Nafent vam anar a passar un cap de setmana llarg a Menorca, on vam fer una ruta de 170 quil\u00f2metres amb bicicleta per explorar l\u2019illa.","robots":{"index":"index","follow":"follow","max-snippet":"max-snippet:-1","max-image-preview":"max-image-preview:large","max-video-preview":"max-video-preview:-1"},"canonical":"https:\/\/nafentmagazine.com\/ca\/val-la-pena-visitar-menorca-amb-bicicleta\/","og_locale":"ca_ES","og_type":"article","og_title":"Val la pena visitar Menorca amb bicicleta? | Nafent Magazine","og_description":"Els de Nafent vam anar a passar un cap de setmana llarg a Menorca, on vam fer una ruta de 170 quil\u00f2metres amb bicicleta per explorar l\u2019illa.","og_url":"https:\/\/nafentmagazine.com\/ca\/val-la-pena-visitar-menorca-amb-bicicleta\/","og_site_name":"Nafent Magazine","article_publisher":"https:\/\/www.facebook.com\/Nafentmagazine","article_published_time":"2022-12-10T09:21:53+00:00","article_modified_time":"2024-11-19T21:25:49+00:00","og_image":[{"width":1720,"height":1080,"url":"https:\/\/nafentmagazine.com\/wp-content\/uploads\/2022\/12\/map-20.05.54.png","type":"image\/png"}],"author":"Guida Pons","twitter_card":"summary_large_image","twitter_misc":{"Escrit per":"Guida Pons","Temps estimat de lectura":"5 minuts"},"schema":{"@context":"https:\/\/schema.org","@graph":[{"@type":"Article","@id":"https:\/\/nafentmagazine.com\/ca\/val-la-pena-visitar-menorca-amb-bicicleta\/#article","isPartOf":{"@id":"https:\/\/nafentmagazine.com\/ca\/val-la-pena-visitar-menorca-amb-bicicleta\/"},"author":{"name":"Guida Pons","@id":"https:\/\/nafentmagazine.com\/#\/schema\/person\/e56b9181a5d603b9d269d8f29a1d9000"},"headline":"Val la pena visitar Menorca amb bicicleta?","datePublished":"2022-12-10T09:21:53+00:00","dateModified":"2024-11-19T21:25:49+00:00","mainEntityOfPage":{"@id":"https:\/\/nafentmagazine.com\/ca\/val-la-pena-visitar-menorca-amb-bicicleta\/"},"wordCount":1087,"publisher":{"@id":"https:\/\/nafentmagazine.com\/#organization"},"image":{"@id":"https:\/\/nafentmagazine.com\/ca\/val-la-pena-visitar-menorca-amb-bicicleta\/#primaryimage"},"thumbnailUrl":"https:\/\/nafentmagazine.com\/wp-content\/uploads\/2022\/12\/map-20.05.54.png","keywords":["Mallorca","Menorca"],"articleSection":["Ciclisme a Mallorca","Culture","Hist\u00f2ries de Nafent Magazine","Viatges"],"inLanguage":"ca"},{"@type":"WebPage","@id":"https:\/\/nafentmagazine.com\/ca\/val-la-pena-visitar-menorca-amb-bicicleta\/","url":"https:\/\/nafentmagazine.com\/ca\/val-la-pena-visitar-menorca-amb-bicicleta\/","name":"Val la pena visitar Menorca amb bicicleta? | Nafent Magazine","isPartOf":{"@id":"https:\/\/nafentmagazine.com\/#website"},"primaryImageOfPage":{"@id":"https:\/\/nafentmagazine.com\/ca\/val-la-pena-visitar-menorca-amb-bicicleta\/#primaryimage"},"image":{"@id":"https:\/\/nafentmagazine.com\/ca\/val-la-pena-visitar-menorca-amb-bicicleta\/#primaryimage"},"thumbnailUrl":"https:\/\/nafentmagazine.com\/wp-content\/uploads\/2022\/12\/map-20.05.54.png","datePublished":"2022-12-10T09:21:53+00:00","dateModified":"2024-11-19T21:25:49+00:00","description":"Els de Nafent vam anar a passar un cap de setmana llarg a Menorca, on vam fer una ruta de 170 quil\u00f2metres amb bicicleta per explorar l\u2019illa.","breadcrumb":{"@id":"https:\/\/nafentmagazine.com\/ca\/val-la-pena-visitar-menorca-amb-bicicleta\/#breadcrumb"},"inLanguage":"ca","potentialAction":[{"@type":"ReadAction","target":["https:\/\/nafentmagazine.com\/ca\/val-la-pena-visitar-menorca-amb-bicicleta\/"]}]},{"@type":"ImageObject","inLanguage":"ca","@id":"https:\/\/nafentmagazine.com\/ca\/val-la-pena-visitar-menorca-amb-bicicleta\/#primaryimage","url":"https:\/\/nafentmagazine.com\/wp-content\/uploads\/2022\/12\/map-20.05.54.png","contentUrl":"https:\/\/nafentmagazine.com\/wp-content\/uploads\/2022\/12\/map-20.05.54.png","width":1720,"height":1080},{"@type":"BreadcrumbList","@id":"https:\/\/nafentmagazine.com\/ca\/val-la-pena-visitar-menorca-amb-bicicleta\/#breadcrumb","itemListElement":[{"@type":"ListItem","position":1,"name":"Home","item":"https:\/\/nafentmagazine.com\/"},{"@type":"ListItem","position":2,"name":"Val la pena visitar Menorca amb bicicleta?"}]},{"@type":"WebSite","@id":"https:\/\/nafentmagazine.com\/#website","url":"https:\/\/nafentmagazine.com\/","name":"Nafent Magazine","description":"The Catalan cycling magazine","publisher":{"@id":"https:\/\/nafentmagazine.com\/#organization"},"alternateName":"Revista Nafent","potentialAction":[{"@type":"SearchAction","target":{"@type":"EntryPoint","urlTemplate":"https:\/\/nafentmagazine.com\/?s={search_term_string}"},"query-input":{"@type":"PropertyValueSpecification","valueRequired":true,"valueName":"search_term_string"}}],"inLanguage":"ca"},{"@type":"Organization","@id":"https:\/\/nafentmagazine.com\/#organization","name":"Nafent Magazine","url":"https:\/\/nafentmagazine.com\/","logo":{"@type":"ImageObject","inLanguage":"ca","@id":"https:\/\/nafentmagazine.com\/#\/schema\/logo\/image\/","url":"https:\/\/nafentmagazine.com\/wp-content\/uploads\/2021\/12\/cropped-cropped-logo-full.png","contentUrl":"https:\/\/nafentmagazine.com\/wp-content\/uploads\/2021\/12\/cropped-cropped-logo-full.png","width":900,"height":327,"caption":"Nafent Magazine"},"image":{"@id":"https:\/\/nafentmagazine.com\/#\/schema\/logo\/image\/"},"sameAs":["https:\/\/www.facebook.com\/Nafentmagazine","https:\/\/www.instagram.com\/nafentmagazine\/","https:\/\/www.linkedin.com\/company\/77097325\/"]},{"@type":"Person","@id":"https:\/\/nafentmagazine.com\/#\/schema\/person\/e56b9181a5d603b9d269d8f29a1d9000","name":"Guida Pons","image":{"@type":"ImageObject","inLanguage":"ca","@id":"https:\/\/secure.gravatar.com\/avatar\/e3da5a4b83e25fddd7d6b28fe8ce7ff8bc0a2222b6c7d9fa597d0d6817681316?s=96&d=mm&r=g","url":"https:\/\/secure.gravatar.com\/avatar\/e3da5a4b83e25fddd7d6b28fe8ce7ff8bc0a2222b6c7d9fa597d0d6817681316?s=96&d=mm&r=g","contentUrl":"https:\/\/secure.gravatar.com\/avatar\/e3da5a4b83e25fddd7d6b28fe8ce7ff8bc0a2222b6c7d9fa597d0d6817681316?s=96&d=mm&r=g","caption":"Guida Pons"},"url":"https:\/\/nafentmagazine.com\/ca\/author\/guida\/"}]}},"jetpack_featured_media_url":"https:\/\/nafentmagazine.com\/wp-content\/uploads\/2022\/12\/map-20.05.54.png","jetpack_sharing_enabled":true,"_links":{"self":[{"href":"https:\/\/nafentmagazine.com\/ca\/wp-json\/wp\/v2\/posts\/4253","targetHints":{"allow":["GET"]}}],"collection":[{"href":"https:\/\/nafentmagazine.com\/ca\/wp-json\/wp\/v2\/posts"}],"about":[{"href":"https:\/\/nafentmagazine.com\/ca\/wp-json\/wp\/v2\/types\/post"}],"author":[{"embeddable":true,"href":"https:\/\/nafentmagazine.com\/ca\/wp-json\/wp\/v2\/users\/43"}],"replies":[{"embeddable":true,"href":"https:\/\/nafentmagazine.com\/ca\/wp-json\/wp\/v2\/comments?post=4253"}],"version-history":[{"count":3,"href":"https:\/\/nafentmagazine.com\/ca\/wp-json\/wp\/v2\/posts\/4253\/revisions"}],"predecessor-version":[{"id":8400,"href":"https:\/\/nafentmagazine.com\/ca\/wp-json\/wp\/v2\/posts\/4253\/revisions\/8400"}],"wp:featuredmedia":[{"embeddable":true,"href":"https:\/\/nafentmagazine.com\/ca\/wp-json\/wp\/v2\/media\/4223"}],"wp:attachment":[{"href":"https:\/\/nafentmagazine.com\/ca\/wp-json\/wp\/v2\/media?parent=4253"}],"wp:term":[{"taxonomy":"category","embeddable":true,"href":"https:\/\/nafentmagazine.com\/ca\/wp-json\/wp\/v2\/categories?post=4253"},{"taxonomy":"post_tag","embeddable":true,"href":"https:\/\/nafentmagazine.com\/ca\/wp-json\/wp\/v2\/tags?post=4253"}],"curies":[{"name":"wp","href":"https:\/\/api.w.org\/{rel}","templated":true}]}}