{"id":14183,"date":"2026-09-03T09:01:23","date_gmt":"2026-09-03T07:01:23","guid":{"rendered":"https:\/\/nafentmagazine.com\/la-maglia-creant-punts-naturals-de-trobada\/"},"modified":"2026-09-03T09:01:23","modified_gmt":"2026-09-03T07:01:23","slug":"la-maglia-creant-punts-naturals-de-trobada","status":"publish","type":"post","link":"https:\/\/nafentmagazine.com\/ca\/la-maglia-creant-punts-naturals-de-trobada\/","title":{"rendered":"La Maglia: Creant punts naturals de trobada"},"content":{"rendered":"\t\t<div data-elementor-type=\"wp-post\" data-elementor-id=\"14183\" class=\"elementor elementor-14183 elementor-14151\">\n\t\t\t\t\t\t<section class=\"elementor-section elementor-top-section elementor-element elementor-element-242f1859 elementor-section-full_width elementor-section-stretched elementor-section-height-default elementor-section-height-default\" data-id=\"242f1859\" data-element_type=\"section\" data-e-type=\"section\" data-settings=\"{&quot;background_background&quot;:&quot;classic&quot;,&quot;stretch_section&quot;:&quot;section-stretched&quot;}\">\n\t\t\t\t\t\t\t<div class=\"elementor-background-overlay\"><\/div>\n\t\t\t\t\t\t\t<div class=\"elementor-container elementor-column-gap-no\">\n\t\t\t\t\t<div class=\"elementor-column elementor-col-100 elementor-top-column elementor-element elementor-element-641be10c\" data-id=\"641be10c\" data-element_type=\"column\" data-e-type=\"column\">\n\t\t\t<div class=\"elementor-widget-wrap\">\n\t\t\t\t\t\t\t<\/div>\n\t\t<\/div>\n\t\t\t\t\t<\/div>\n\t\t<\/section>\n\t\t\t\t<section class=\"elementor-section elementor-top-section elementor-element elementor-element-65e5390 elementor-section-boxed elementor-section-height-default elementor-section-height-default\" data-id=\"65e5390\" data-element_type=\"section\" data-e-type=\"section\">\n\t\t\t\t\t\t<div class=\"elementor-container elementor-column-gap-default\">\n\t\t\t\t\t<div class=\"elementor-column elementor-col-100 elementor-top-column elementor-element elementor-element-9132189\" data-id=\"9132189\" data-element_type=\"column\" data-e-type=\"column\" data-settings=\"{&quot;background_background&quot;:&quot;classic&quot;}\">\n\t\t\t<div class=\"elementor-widget-wrap elementor-element-populated\">\n\t\t\t\t\t\t<div class=\"elementor-element elementor-element-4d51021b elementor-widget elementor-widget-heading\" data-id=\"4d51021b\" data-element_type=\"widget\" data-e-type=\"widget\" data-widget_type=\"heading.default\">\n\t\t\t\t<div class=\"elementor-widget-container\">\n\t\t\t\t\t<h1 class=\"elementor-heading-title elementor-size-default\">La Maglia: Creant punts naturals de trobada\n<\/h1>\t\t\t\t<\/div>\n\t\t\t\t<\/div>\n\t\t\t\t<div class=\"elementor-element elementor-element-113709ac elementor-widget elementor-widget-text-editor\" data-id=\"113709ac\" data-element_type=\"widget\" data-e-type=\"widget\" data-widget_type=\"text-editor.default\">\n\t\t\t\t<div class=\"elementor-widget-container\">\n\t\t\t\t\t\t\t\t\t<p class=\"p1\"><b>Entre els ciclistes, La Maglia no \u00e9s nom\u00e9s una marca coneguda, sin\u00f3 tamb\u00e9 un punt de partida habitual per sortir a pedalar al voltant de Girona. El que va comen\u00e7ar com una petita cafeteria a Platja d\u2019Aro es va convertir r\u00e0pidament en un referent dins l\u2019escena ciclista catalana. A primera hora del mat\u00ed, s\u2019hi barregen ciclistes que s\u2019enganxen als pedals i corredors que surten cap a la Costa Brava, tots compartint el mateix ritual: fer un caf\u00e8 abans de l\u2019esfor\u00e7.  <\/b><\/p><p class=\"p1\"><b>Text &#038; Photos: Sjors Beukeboom<\/b><\/p><p class=\"p1\">El creixement ha estat natural. Des de la ubicaci\u00f3 original a Platja d\u2019Aro, La Maglia va ampliar-se amb un segon espai dins del Vel\u00f2drom de Girona, integrant-se encara m\u00e9s en la cultura esportiva de la ciutat. M\u00e9s endavant va arribar <a href=\"https:\/\/nafentmagazine.com\/ca\/la-maglia-sexpandeix-la-maglia-roastery\/\"><span class=\"s1\"><span class=\"s1\">La Maglia Roastery<\/span><\/span>,<\/a> obrint la porta a col\u00b7laboracions i a una pres\u00e8ncia m\u00e9s \u00e0mplia a trav\u00e9s dels seus propis caf\u00e8s. Avui, la marca va molt m\u00e9s enll\u00e0 dels seus espais f\u00edsics. Empreses i organitzadors d\u2019esdeveniments poden portar La Maglia al lloc que necessitin, amb una furgoneta equipada per muntar una barra de caf\u00e8 especialitzat all\u00e0 on faci falta.    <\/p>\t\t\t\t\t\t\t\t<\/div>\n\t\t\t\t<\/div>\n\t\t\t\t<div class=\"elementor-element elementor-element-495a02f1 elementor-widget elementor-widget-image\" data-id=\"495a02f1\" data-element_type=\"widget\" data-e-type=\"widget\" data-widget_type=\"image.default\">\n\t\t\t\t<div class=\"elementor-widget-container\">\n\t\t\t\t\t\t\t\t\t\t\t\t\t\t\t<img fetchpriority=\"high\" decoding=\"async\" width=\"1024\" height=\"636\" src=\"https:\/\/nafentmagazine.com\/wp-content\/uploads\/2026\/09\/La-Maglia-Velodrom-Nafent-1024x636.webp\" class=\"attachment-large size-large wp-image-14153\" alt=\"La Maglia Velodrom Nafent\" srcset=\"https:\/\/nafentmagazine.com\/wp-content\/uploads\/2026\/09\/La-Maglia-Velodrom-Nafent-1024x636.webp 1024w, https:\/\/nafentmagazine.com\/wp-content\/uploads\/2026\/09\/La-Maglia-Velodrom-Nafent-300x186.webp 300w, https:\/\/nafentmagazine.com\/wp-content\/uploads\/2026\/09\/La-Maglia-Velodrom-Nafent-768x477.webp 768w, https:\/\/nafentmagazine.com\/wp-content\/uploads\/2026\/09\/La-Maglia-Velodrom-Nafent-1536x955.webp 1536w, https:\/\/nafentmagazine.com\/wp-content\/uploads\/2026\/09\/La-Maglia-Velodrom-Nafent-600x373.webp 600w, https:\/\/nafentmagazine.com\/wp-content\/uploads\/2026\/09\/La-Maglia-Velodrom-Nafent.webp 1741w\" sizes=\"(max-width: 1024px) 100vw, 1024px\" \/>\t\t\t\t\t\t\t\t\t\t\t\t\t\t\t<\/div>\n\t\t\t\t<\/div>\n\t\t\t\t<section class=\"elementor-section elementor-inner-section elementor-element elementor-element-c09cd9d elementor-section-boxed elementor-section-height-default elementor-section-height-default\" data-id=\"c09cd9d\" data-element_type=\"section\" data-e-type=\"section\">\n\t\t\t\t\t\t<div class=\"elementor-container elementor-column-gap-default\">\n\t\t\t\t\t<div class=\"elementor-column elementor-col-50 elementor-inner-column elementor-element elementor-element-396462b\" data-id=\"396462b\" data-element_type=\"column\" data-e-type=\"column\">\n\t\t\t<div class=\"elementor-widget-wrap elementor-element-populated\">\n\t\t\t\t\t\t<div class=\"elementor-element elementor-element-e5a7a31 elementor-widget elementor-widget-text-editor\" data-id=\"e5a7a31\" data-element_type=\"widget\" data-e-type=\"widget\" data-widget_type=\"text-editor.default\">\n\t\t\t\t<div class=\"elementor-widget-container\">\n\t\t\t\t\t\t\t\t\t<p class=\"p1\">Aquesta mobilitat ha obert una nova dimensi\u00f3, especialment dins del m\u00f3n del running. Girona fa anys que \u00e9s coneguda pel ciclisme, per\u00f2 el creixement constant de comunitats de triatl\u00f3 i de corredors ha anat canviant el ritme de la ciutat. Els grups de running diaris, sovint de m\u00e9s de 25 persones, ja formen part de la rutina. El local de La Maglia al Vel\u00f2drom acull algunes d\u2019aquestes trobades, esborrant fronteres entre disciplines i refor\u00e7ant el seu paper com a punt de trobada social.   <\/p><h2 class=\"p1\"><b>M\u00e9s social, m\u00e9s hum\u00e0<\/b><\/h2><p class=\"p1\">A Platja d\u2019Aro passa una cosa similar. No nom\u00e9s ciclistes, sin\u00f3 tamb\u00e9 corredors i esportistes ocasionals s\u2019hi queden despr\u00e9s de l\u2019entrenament, utilitzant l\u2019espai per recuperar-se, trobar-se o simplement fer una pausa. El caf\u00e8, que durant molt de temps va estar gaireb\u00e9 lligat exclusivament a la cultura ciclista, ara tamb\u00e9 \u00e9s present en el m\u00f3n del running, convertint-se en part d\u2019un estil de vida m\u00e9s ampli.  <\/p>\t\t\t\t\t\t\t\t<\/div>\n\t\t\t\t<\/div>\n\t\t\t\t\t<\/div>\n\t\t<\/div>\n\t\t\t\t<div class=\"elementor-column elementor-col-50 elementor-inner-column elementor-element elementor-element-51167e3\" data-id=\"51167e3\" data-element_type=\"column\" data-e-type=\"column\">\n\t\t\t<div class=\"elementor-widget-wrap elementor-element-populated\">\n\t\t\t\t\t\t<div class=\"elementor-element elementor-element-694c857 elementor-widget elementor-widget-image\" data-id=\"694c857\" data-element_type=\"widget\" data-e-type=\"widget\" data-widget_type=\"image.default\">\n\t\t\t\t<div class=\"elementor-widget-container\">\n\t\t\t\t\t\t\t\t\t\t\t\t\t\t\t<img decoding=\"async\" src=\"https:\/\/nafentmagazine.com\/wp-content\/uploads\/2026\/09\/@nafentmagazine-Running-Launch-_-Lohodi-Homes-62-1.webp\" title=\"\" alt=\"\" loading=\"lazy\" \/>\t\t\t\t\t\t\t\t\t\t\t\t\t\t\t<\/div>\n\t\t\t\t<\/div>\n\t\t\t\t\t<\/div>\n\t\t<\/div>\n\t\t\t\t\t<\/div>\n\t\t<\/section>\n\t\t\t\t<div class=\"elementor-element elementor-element-245704e elementor-widget elementor-widget-text-editor\" data-id=\"245704e\" data-element_type=\"widget\" data-e-type=\"widget\" data-widget_type=\"text-editor.default\">\n\t\t\t\t<div class=\"elementor-widget-container\">\n\t\t\t\t\t\t\t\t\t<p class=\"p1\">Aqu\u00ed \u00e9s on la furgoneta de <a href=\"https:\/\/www.lamaglia.cafe\/\">La Maglia <\/a>afegeix una nova capa. En esdeveniments de running a Girona i als voltants, es converteix en molt m\u00e9s que un punt de servei. Col\u00b7locada a prop de les sortides, les arribades o dins de les zones d\u2019esdeveniment, crea un punt de trobada natural. Els corredors s\u2019hi reuneixen abans de les curses, amb el caf\u00e8 a les mans en lloc dels nervis, compartint les \u00faltimes paraules o simplement gaudint d\u2019un moment de calma. Despr\u00e9s, un cop creuada la meta, el mateix espai es transforma. Es converteix en un lloc de conversa, de recuperaci\u00f3 i de sensaci\u00f3 compartida d\u2019experi\u00e8ncia.     <\/p><p class=\"p1\">La pres\u00e8ncia de caf\u00e8 de qualitat en aquests espais canvia l\u2019ambient. Fa que tot vagi una mica m\u00e9s a poc a poc, prou per donar a l\u2019esdeveniment una sensaci\u00f3 de plenitud. El p\u00fablic s\u2019hi queda m\u00e9s estona, els participants no marxen de seguida, i els organitzadors guanyen un punt central que refor\u00e7a la identitat de la jornada. Converteix una cursa en un esdeveniment m\u00e9s social i m\u00e9s hum\u00e0.   <\/p>\t\t\t\t\t\t\t\t<\/div>\n\t\t\t\t<\/div>\n\t\t\t\t<div class=\"elementor-element elementor-element-f3c2e02 elementor-widget elementor-widget-image\" data-id=\"f3c2e02\" data-element_type=\"widget\" data-e-type=\"widget\" data-widget_type=\"image.default\">\n\t\t\t\t<div class=\"elementor-widget-container\">\n\t\t\t\t\t\t\t\t\t\t\t\t\t\t\t<img decoding=\"async\" src=\"https:\/\/nafentmagazine.com\/wp-content\/uploads\/2026\/09\/@nafentmagazine-Running-Launch-_-Lohodi-Homes-28-1-scaled.webp\" title=\"\" alt=\"\" loading=\"lazy\" \/>\t\t\t\t\t\t\t\t\t\t\t\t\t\t\t<\/div>\n\t\t\t\t<\/div>\n\t\t\t\t<div class=\"elementor-element elementor-element-cad5684 elementor-widget elementor-widget-text-editor\" data-id=\"cad5684\" data-element_type=\"widget\" data-e-type=\"widget\" data-widget_type=\"text-editor.default\">\n\t\t\t\t<div class=\"elementor-widget-container\">\n\t\t\t\t\t\t\t\t\t<p class=\"p1\">\u201cAquesta \u00e9s una part del projecte que personalment gaudeixo molt, ja que portem el caf\u00e8 a les persones all\u00e0 on els agrada passar el seu temps lliure. Hem col\u00b7laborat en esdeveniments del Vel\u00f2drom, per\u00f2 tamb\u00e9 en algunes curses de running a Girona i als voltants,\u201d diu Marc Guin\u00f3. <\/p><p class=\"p1\">El mateix Guin\u00f3, esportista apassionat, no separa l\u2019esport del que passa al seu voltant. \u201cLa Maglia i l\u2019esport han anat de la m\u00e0 des del principi,\u201d diu. \u201cI aix\u00f2 \u00e9s una cosa que continuarem desenvolupant en el futur.\u201d <\/p>\t\t\t\t\t\t\t\t<\/div>\n\t\t\t\t<\/div>\n\t\t\t\t<div class=\"elementor-element elementor-element-6ee2e53f elementor-widget elementor-widget-heading\" data-id=\"6ee2e53f\" data-element_type=\"widget\" data-e-type=\"widget\" data-widget_type=\"heading.default\">\n\t\t\t\t<div class=\"elementor-widget-container\">\n\t\t\t\t\t<p class=\"elementor-heading-title elementor-size-default\">Hist\u00f2ries relacionades<\/p>\t\t\t\t<\/div>\n\t\t\t\t<\/div>\n\t\t\t\t<div class=\"elementor-element elementor-element-6a6226ff elementor-grid-eael-col-4 elementor-grid-tablet-eael-col-2 elementor-grid-mobile-eael-col-1 elementor-widget elementor-widget-eael-post-grid\" data-id=\"6a6226ff\" data-element_type=\"widget\" data-e-type=\"widget\" data-settings=\"{&quot;eael_post_grid_columns&quot;:&quot;eael-col-4&quot;,&quot;eael_post_grid_columns_tablet&quot;:&quot;eael-col-2&quot;,&quot;eael_post_grid_columns_mobile&quot;:&quot;eael-col-1&quot;}\" data-widget_type=\"eael-post-grid.default\">\n\t\t\t\t<div class=\"elementor-widget-container\">\n\t\t\t\t\t<div id=\"eael-post-grid-6a6226ff\" class=\"eael-post-grid-container\">\n            <div class=\"eael-post-grid eael-post-appender eael-post-appender-6a6226ff eael-post-grid-style-one\" data-layout-mode=\"grid\"><article class=\"eael-grid-post  eael-post-grid-column eael-pg-post-14183 category-ciclisme-cultura-del-ciclisme-menjar-i-nutricio-running-%f0%9f%8f%83 tags-la-maglia-velodrom-ca\" data-id=\"14183\">\n        <div class=\"eael-grid-post-holder\">\n            <div class=\"eael-grid-post-holder-inner\"><div class=\"eael-entry-media\"><div class=\"eael-entry-overlay fade-in\"><i class=\"\" aria-hidden=\"true\"><\/i><a href=\"https:\/\/nafentmagazine.com\/ca\/la-maglia-creant-punts-naturals-de-trobada\/\"><\/a><\/div><div class=\"eael-entry-thumbnail \">\n                <img decoding=\"async\" width=\"300\" height=\"186\" src=\"https:\/\/nafentmagazine.com\/wp-content\/uploads\/2026\/09\/La-Maglia-Velodrom-Nafent-300x186.webp\" class=\"attachment-medium size-medium wp-image-14153\" alt=\"La Maglia Velodrom Nafent\" srcset=\"https:\/\/nafentmagazine.com\/wp-content\/uploads\/2026\/09\/La-Maglia-Velodrom-Nafent-300x186.webp 300w, https:\/\/nafentmagazine.com\/wp-content\/uploads\/2026\/09\/La-Maglia-Velodrom-Nafent-1024x636.webp 1024w, https:\/\/nafentmagazine.com\/wp-content\/uploads\/2026\/09\/La-Maglia-Velodrom-Nafent-768x477.webp 768w, https:\/\/nafentmagazine.com\/wp-content\/uploads\/2026\/09\/La-Maglia-Velodrom-Nafent-1536x955.webp 1536w, https:\/\/nafentmagazine.com\/wp-content\/uploads\/2026\/09\/La-Maglia-Velodrom-Nafent-600x373.webp 600w, https:\/\/nafentmagazine.com\/wp-content\/uploads\/2026\/09\/La-Maglia-Velodrom-Nafent.webp 1741w\" sizes=\"(max-width: 300px) 100vw, 300px\" \/>\n            <\/div>\n        <\/div><div class=\"eael-entry-wrapper\"><header class=\"eael-entry-header\"><p class=\"eael-entry-title\"><a class=\"eael-grid-post-link\" href=\"https:\/\/nafentmagazine.com\/ca\/la-maglia-creant-punts-naturals-de-trobada\/\" title=\"La Maglia: Creant punts naturals de trobada\">La Maglia: Creant punts naturals de trobada<\/a><\/p><\/header><\/div><\/div>\n        <\/div>\n    <\/article><article class=\"eael-grid-post  eael-post-grid-column eael-pg-post-14140 category-ciclisme-de-carretera-ciclisme tags-review\" data-id=\"14140\">\n        <div class=\"eael-grid-post-holder\">\n            <div class=\"eael-grid-post-holder-inner\"><div class=\"eael-entry-media\"><div class=\"eael-entry-overlay fade-in\"><i class=\"\" aria-hidden=\"true\"><\/i><a href=\"https:\/\/nafentmagazine.com\/ca\/10plus-e-road-series-porvat-a-sierra-nevada\/\"><\/a><\/div><div class=\"eael-entry-thumbnail \">\n                <img decoding=\"async\" width=\"300\" height=\"186\" src=\"https:\/\/nafentmagazine.com\/wp-content\/uploads\/2026\/09\/10Plus-E-Series-300x186.webp\" class=\"attachment-medium size-medium wp-image-14127\" alt=\"10Plus E Series\" srcset=\"https:\/\/nafentmagazine.com\/wp-content\/uploads\/2026\/09\/10Plus-E-Series-300x186.webp 300w, https:\/\/nafentmagazine.com\/wp-content\/uploads\/2026\/09\/10Plus-E-Series-1024x636.webp 1024w, https:\/\/nafentmagazine.com\/wp-content\/uploads\/2026\/09\/10Plus-E-Series-768x477.webp 768w, https:\/\/nafentmagazine.com\/wp-content\/uploads\/2026\/09\/10Plus-E-Series-1536x954.webp 1536w, https:\/\/nafentmagazine.com\/wp-content\/uploads\/2026\/09\/10Plus-E-Series-600x373.webp 600w, https:\/\/nafentmagazine.com\/wp-content\/uploads\/2026\/09\/10Plus-E-Series.webp 1741w\" sizes=\"(max-width: 300px) 100vw, 300px\" \/>\n            <\/div>\n        <\/div><div class=\"eael-entry-wrapper\"><header class=\"eael-entry-header\"><p class=\"eael-entry-title\"><a class=\"eael-grid-post-link\" href=\"https:\/\/nafentmagazine.com\/ca\/10plus-e-road-series-porvat-a-sierra-nevada\/\" title=\"10Plus E Road Series porvat a Sierra Nevada\">10Plus E Road Series porvat a Sierra Nevada<\/a><\/p><\/header><\/div><\/div>\n        <\/div>\n    <\/article><article class=\"eael-grid-post  eael-post-grid-column eael-pg-post-14081 category-ciclisme-a-catalunya-ciclisme-de-carretera-ciclisme-cultura-del-ciclisme-gravel-ca-histories-viatges tags-catalunya-ca-rutes\" data-id=\"14081\">\n        <div class=\"eael-grid-post-holder\">\n            <div class=\"eael-grid-post-holder-inner\"><div class=\"eael-entry-media\"><div class=\"eael-entry-overlay fade-in\"><i class=\"\" aria-hidden=\"true\"><\/i><a href=\"https:\/\/nafentmagazine.com\/ca\/rily-laplicacio-que-fa-el-ciclisme-mes-segur-a-catalunya-i-mes-enlla\/\"><\/a><\/div><div class=\"eael-entry-thumbnail \">\n                <img loading=\"lazy\" decoding=\"async\" width=\"300\" height=\"186\" src=\"https:\/\/nafentmagazine.com\/wp-content\/uploads\/2026\/08\/Rily-app-Girona-300x186.webp\" class=\"attachment-medium size-medium wp-image-14064\" alt=\"Rily app Girona\" srcset=\"https:\/\/nafentmagazine.com\/wp-content\/uploads\/2026\/08\/Rily-app-Girona-300x186.webp 300w, https:\/\/nafentmagazine.com\/wp-content\/uploads\/2026\/08\/Rily-app-Girona-1024x636.webp 1024w, https:\/\/nafentmagazine.com\/wp-content\/uploads\/2026\/08\/Rily-app-Girona-768x477.webp 768w, https:\/\/nafentmagazine.com\/wp-content\/uploads\/2026\/08\/Rily-app-Girona-1536x954.webp 1536w, https:\/\/nafentmagazine.com\/wp-content\/uploads\/2026\/08\/Rily-app-Girona-600x373.webp 600w, https:\/\/nafentmagazine.com\/wp-content\/uploads\/2026\/08\/Rily-app-Girona.webp 1740w\" sizes=\"(max-width: 300px) 100vw, 300px\" \/>\n            <\/div>\n        <\/div><div class=\"eael-entry-wrapper\"><header class=\"eael-entry-header\"><p class=\"eael-entry-title\"><a class=\"eael-grid-post-link\" href=\"https:\/\/nafentmagazine.com\/ca\/rily-laplicacio-que-fa-el-ciclisme-mes-segur-a-catalunya-i-mes-enlla\/\" title=\"Rily: L\u2019aplicaci\u00f3 que fa el ciclisme m\u00e9s segur a Catalunya i m\u00e9s enll\u00e0\">Rily: L\u2019aplicaci\u00f3 que fa el ciclisme m\u00e9s segur a Catalunya i m\u00e9s enll\u00e0<\/a><\/p><\/header><\/div><\/div>\n        <\/div>\n    <\/article><article class=\"eael-grid-post  eael-post-grid-column eael-pg-post-14060 category-histories-running-%f0%9f%8f%83 tags-226ers\" data-id=\"14060\">\n        <div class=\"eael-grid-post-holder\">\n            <div class=\"eael-grid-post-holder-inner\"><div class=\"eael-entry-media\"><div class=\"eael-entry-overlay fade-in\"><i class=\"\" aria-hidden=\"true\"><\/i><a href=\"https:\/\/nafentmagazine.com\/ca\/com-alimentar-se-per-a-una-marato\/\"><\/a><\/div><div class=\"eael-entry-thumbnail \">\n                <img loading=\"lazy\" decoding=\"async\" width=\"300\" height=\"200\" src=\"https:\/\/nafentmagazine.com\/wp-content\/uploads\/2026\/03\/@nafentmagazine-_-Spring-Shoot-run-cycling-240-300x200.webp\" class=\"attachment-medium size-medium wp-image-12480\" alt=\"Nafent Running\" srcset=\"https:\/\/nafentmagazine.com\/wp-content\/uploads\/2026\/03\/@nafentmagazine-_-Spring-Shoot-run-cycling-240-300x200.webp 300w, https:\/\/nafentmagazine.com\/wp-content\/uploads\/2026\/03\/@nafentmagazine-_-Spring-Shoot-run-cycling-240-1024x683.webp 1024w, https:\/\/nafentmagazine.com\/wp-content\/uploads\/2026\/03\/@nafentmagazine-_-Spring-Shoot-run-cycling-240-768x512.webp 768w, https:\/\/nafentmagazine.com\/wp-content\/uploads\/2026\/03\/@nafentmagazine-_-Spring-Shoot-run-cycling-240-1536x1024.webp 1536w, https:\/\/nafentmagazine.com\/wp-content\/uploads\/2026\/03\/@nafentmagazine-_-Spring-Shoot-run-cycling-240-2048x1365.webp 2048w, https:\/\/nafentmagazine.com\/wp-content\/uploads\/2026\/03\/@nafentmagazine-_-Spring-Shoot-run-cycling-240-600x400.webp 600w\" sizes=\"(max-width: 300px) 100vw, 300px\" \/>\n            <\/div>\n        <\/div><div class=\"eael-entry-wrapper\"><header class=\"eael-entry-header\"><p class=\"eael-entry-title\"><a class=\"eael-grid-post-link\" href=\"https:\/\/nafentmagazine.com\/ca\/com-alimentar-se-per-a-una-marato\/\" title=\"Com alimentar-se per a una marat\u00f3\">Com alimentar-se per a una marat\u00f3<\/a><\/p><\/header><\/div><\/div>\n        <\/div>\n    <\/article><\/div>\n            <div class=\"clearfix\"><\/div>\n        <\/div>            <div class=\"eael-load-more-button-wrap eael-force-hide\">\n                <button class=\"eael-load-more-button\" id=\"eael-load-more-btn-6a6226ff\" data-widget-id=\"6a6226ff\" data-widget=\"6a6226ff\" data-page-id=\"14183\" data-template=\"{&quot;dir&quot;:&quot;lite&quot;,&quot;file_name&quot;:&quot;one.php&quot;,&quot;name&quot;:&quot;Post-Grid&quot;}\" data-class=\"Essential_Addons_Elementor\\Elements\\Post_Grid\" data-layout=\"grid\" data-page=\"1\" data-args=\"orderby=date&amp;order=desc&amp;ignore_sticky_posts=1&amp;post_status=publish&amp;posts_per_page=4&amp;offset=0&amp;post_type=post&amp;post__not_in%5B0%5D=626\" data-max-page=\"62\">\n                    <span class=\"eael-btn-loader button__loader\"><\/span>\n                    <span class=\"eael_load_more_text\">M\u00c9S INFORMACI\u00d3<\/span>\n                <\/button>\n            <\/div>\n            \t\t\t\t<\/div>\n\t\t\t\t<\/div>\n\t\t\t\t\t<\/div>\n\t\t<\/div>\n\t\t\t\t\t<\/div>\n\t\t<\/section>\n\t\t\t\t<\/div>\n\t\t","protected":false},"excerpt":{"rendered":"<p>La Maglia: Creant punts naturals de trobada Entre els ciclistes, La Maglia no \u00e9s nom\u00e9s una marca coneguda, sin\u00f3 tamb\u00e9 un punt de partida habitual per sortir a pedalar al voltant de Girona. El que va comen\u00e7ar com una petita cafeteria a Platja d\u2019Aro es va convertir r\u00e0pidament en un referent dins l\u2019escena ciclista catalana. [&hellip;]<\/p>\n","protected":false},"author":6,"featured_media":14153,"comment_status":"closed","ping_status":"open","sticky":false,"template":"elementor_header_footer","format":"standard","meta":{"_ppp_document_settings_meta":"","site-sidebar-layout":"default","site-content-layout":"","ast-site-content-layout":"default","site-content-style":"default","site-sidebar-style":"default","ast-global-header-display":"","ast-banner-title-visibility":"","ast-main-header-display":"","ast-hfb-above-header-display":"","ast-hfb-below-header-display":"","ast-hfb-mobile-header-display":"","site-post-title":"","ast-breadcrumbs-content":"","ast-featured-img":"","footer-sml-layout":"","ast-disable-related-posts":"","theme-transparent-header-meta":"","adv-header-id-meta":"","stick-header-meta":"","header-above-stick-meta":"","header-main-stick-meta":"","header-below-stick-meta":"","astra-migrate-meta-layouts":"default","ast-page-background-enabled":"default","ast-page-background-meta":{"desktop":{"background-color":"","background-image":"","background-repeat":"repeat","background-position":"center center","background-size":"auto","background-attachment":"scroll","background-type":"","background-media":"","overlay-type":"","overlay-color":"","overlay-opacity":"","overlay-gradient":""},"tablet":{"background-color":"","background-image":"","background-repeat":"repeat","background-position":"center center","background-size":"auto","background-attachment":"scroll","background-type":"","background-media":"","overlay-type":"","overlay-color":"","overlay-opacity":"","overlay-gradient":""},"mobile":{"background-color":"","background-image":"","background-repeat":"repeat","background-position":"center center","background-size":"auto","background-attachment":"scroll","background-type":"","background-media":"","overlay-type":"","overlay-color":"","overlay-opacity":"","overlay-gradient":""}},"ast-content-background-meta":{"desktop":{"background-color":"var(--ast-global-color-5)","background-image":"","background-repeat":"repeat","background-position":"center center","background-size":"auto","background-attachment":"scroll","background-type":"","background-media":"","overlay-type":"","overlay-color":"","overlay-opacity":"","overlay-gradient":""},"tablet":{"background-color":"var(--ast-global-color-5)","background-image":"","background-repeat":"repeat","background-position":"center center","background-size":"auto","background-attachment":"scroll","background-type":"","background-media":"","overlay-type":"","overlay-color":"","overlay-opacity":"","overlay-gradient":""},"mobile":{"background-color":"var(--ast-global-color-5)","background-image":"","background-repeat":"repeat","background-position":"center center","background-size":"auto","background-attachment":"scroll","background-type":"","background-media":"","overlay-type":"","overlay-color":"","overlay-opacity":"","overlay-gradient":""}},"_jetpack_memberships_contains_paid_content":false,"footnotes":""},"categories":[386,249,266,395],"tags":[454,241],"class_list":["post-14183","post","type-post","status-publish","format-standard","has-post-thumbnail","hentry","category-ciclisme","category-cultura-del-ciclisme","category-menjar-i-nutricio","category-running-","tag-la-maglia","tag-velodrom-ca"],"yoast_head":"<!-- This site is optimized with the Yoast SEO plugin v28.4 - https:\/\/yoast.com\/product\/yoast-seo-wordpress\/ -->\n<title>La Maglia: Creant punts naturals de trobada | Nafent Magazine<\/title>\n<meta name=\"description\" content=\"Entre els ciclistes, La Maglia no \u00e9s nom\u00e9s una marca coneguda, sin\u00f3 tamb\u00e9 un punt de partida habitual per a les sortides pels voltants de Girona. El que va comen\u00e7ar com una petita cafeteria a Platja d\u2019Aro va cr\u00e9ixer r\u00e0pidament fins a convertir-se en un referent de l\u2019escena ciclista catalana, amb un nou punt de trobada al Velodrom Girona.\" \/>\n<meta name=\"robots\" content=\"index, follow, max-snippet:-1, max-image-preview:large, max-video-preview:-1\" \/>\n<link rel=\"canonical\" href=\"https:\/\/nafentmagazine.com\/ca\/la-maglia-creant-punts-naturals-de-trobada\/\" \/>\n<meta property=\"og:locale\" content=\"ca_ES\" \/>\n<meta property=\"og:type\" content=\"article\" \/>\n<meta property=\"og:title\" content=\"La Maglia: Creant punts naturals de trobada | Nafent Magazine\" \/>\n<meta property=\"og:description\" content=\"Entre els ciclistes, La Maglia no \u00e9s nom\u00e9s una marca coneguda, sin\u00f3 tamb\u00e9 un punt de partida habitual per a les sortides pels voltants de Girona. El que va comen\u00e7ar com una petita cafeteria a Platja d\u2019Aro va cr\u00e9ixer r\u00e0pidament fins a convertir-se en un referent de l\u2019escena ciclista catalana, amb un nou punt de trobada al Velodrom Girona.\" \/>\n<meta property=\"og:url\" content=\"https:\/\/nafentmagazine.com\/ca\/la-maglia-creant-punts-naturals-de-trobada\/\" \/>\n<meta property=\"og:site_name\" content=\"Nafent Magazine\" \/>\n<meta property=\"article:publisher\" content=\"https:\/\/www.facebook.com\/Nafentmagazine\" \/>\n<meta property=\"article:published_time\" content=\"2026-09-03T07:01:23+00:00\" \/>\n<meta property=\"og:image\" content=\"https:\/\/nafentmagazine.com\/wp-content\/uploads\/2026\/09\/La-Maglia-Velodrom-Nafent.webp\" \/>\n\t<meta property=\"og:image:width\" content=\"1741\" \/>\n\t<meta property=\"og:image:height\" content=\"1082\" \/>\n\t<meta property=\"og:image:type\" content=\"image\/webp\" \/>\n<meta name=\"author\" content=\"Sjors\" \/>\n<meta name=\"twitter:card\" content=\"summary_large_image\" \/>\n<meta name=\"twitter:label1\" content=\"Escrit per\" \/>\n\t<meta name=\"twitter:data1\" content=\"Sjors\" \/>\n\t<meta name=\"twitter:label2\" content=\"Temps estimat de lectura\" \/>\n\t<meta name=\"twitter:data2\" content=\"3 minuts\" \/>\n<script type=\"application\/ld+json\" class=\"yoast-schema-graph\">{\"@context\":\"https:\\\/\\\/schema.org\",\"@graph\":[{\"@type\":\"Article\",\"@id\":\"https:\\\/\\\/nafentmagazine.com\\\/ca\\\/la-maglia-creant-punts-naturals-de-trobada\\\/#article\",\"isPartOf\":{\"@id\":\"https:\\\/\\\/nafentmagazine.com\\\/ca\\\/la-maglia-creant-punts-naturals-de-trobada\\\/\"},\"author\":{\"name\":\"Sjors\",\"@id\":\"https:\\\/\\\/nafentmagazine.com\\\/#\\\/schema\\\/person\\\/a45ee4e209ce590b21bd80240f12e5c7\"},\"headline\":\"La Maglia: Creant punts naturals de trobada\",\"datePublished\":\"2026-09-03T07:01:23+00:00\",\"mainEntityOfPage\":{\"@id\":\"https:\\\/\\\/nafentmagazine.com\\\/ca\\\/la-maglia-creant-punts-naturals-de-trobada\\\/\"},\"wordCount\":700,\"publisher\":{\"@id\":\"https:\\\/\\\/nafentmagazine.com\\\/#organization\"},\"image\":{\"@id\":\"https:\\\/\\\/nafentmagazine.com\\\/ca\\\/la-maglia-creant-punts-naturals-de-trobada\\\/#primaryimage\"},\"thumbnailUrl\":\"https:\\\/\\\/nafentmagazine.com\\\/wp-content\\\/uploads\\\/2026\\\/09\\\/La-Maglia-Velodrom-Nafent.webp\",\"keywords\":[\"La Maglia\",\"Velodrom\"],\"articleSection\":[\"Ciclisme \ud83d\udeb4\",\"Cultura del ciclisme\",\"Menjar i nutrici\u00f3\",\"Running \ud83c\udfc3\"],\"inLanguage\":\"ca\"},{\"@type\":\"WebPage\",\"@id\":\"https:\\\/\\\/nafentmagazine.com\\\/ca\\\/la-maglia-creant-punts-naturals-de-trobada\\\/\",\"url\":\"https:\\\/\\\/nafentmagazine.com\\\/ca\\\/la-maglia-creant-punts-naturals-de-trobada\\\/\",\"name\":\"La Maglia: Creant punts naturals de trobada | Nafent Magazine\",\"isPartOf\":{\"@id\":\"https:\\\/\\\/nafentmagazine.com\\\/#website\"},\"primaryImageOfPage\":{\"@id\":\"https:\\\/\\\/nafentmagazine.com\\\/ca\\\/la-maglia-creant-punts-naturals-de-trobada\\\/#primaryimage\"},\"image\":{\"@id\":\"https:\\\/\\\/nafentmagazine.com\\\/ca\\\/la-maglia-creant-punts-naturals-de-trobada\\\/#primaryimage\"},\"thumbnailUrl\":\"https:\\\/\\\/nafentmagazine.com\\\/wp-content\\\/uploads\\\/2026\\\/09\\\/La-Maglia-Velodrom-Nafent.webp\",\"datePublished\":\"2026-09-03T07:01:23+00:00\",\"description\":\"Entre els ciclistes, La Maglia no \u00e9s nom\u00e9s una marca coneguda, sin\u00f3 tamb\u00e9 un punt de partida habitual per a les sortides pels voltants de Girona. El que va comen\u00e7ar com una petita cafeteria a Platja d\u2019Aro va cr\u00e9ixer r\u00e0pidament fins a convertir-se en un referent de l\u2019escena ciclista catalana, amb un nou punt de trobada al Velodrom Girona.\",\"breadcrumb\":{\"@id\":\"https:\\\/\\\/nafentmagazine.com\\\/ca\\\/la-maglia-creant-punts-naturals-de-trobada\\\/#breadcrumb\"},\"inLanguage\":\"ca\",\"potentialAction\":[{\"@type\":\"ReadAction\",\"target\":[\"https:\\\/\\\/nafentmagazine.com\\\/ca\\\/la-maglia-creant-punts-naturals-de-trobada\\\/\"]}]},{\"@type\":\"ImageObject\",\"inLanguage\":\"ca\",\"@id\":\"https:\\\/\\\/nafentmagazine.com\\\/ca\\\/la-maglia-creant-punts-naturals-de-trobada\\\/#primaryimage\",\"url\":\"https:\\\/\\\/nafentmagazine.com\\\/wp-content\\\/uploads\\\/2026\\\/09\\\/La-Maglia-Velodrom-Nafent.webp\",\"contentUrl\":\"https:\\\/\\\/nafentmagazine.com\\\/wp-content\\\/uploads\\\/2026\\\/09\\\/La-Maglia-Velodrom-Nafent.webp\",\"width\":1741,\"height\":1082,\"caption\":\"La Maglia Velodrom Nafent\"},{\"@type\":\"BreadcrumbList\",\"@id\":\"https:\\\/\\\/nafentmagazine.com\\\/ca\\\/la-maglia-creant-punts-naturals-de-trobada\\\/#breadcrumb\",\"itemListElement\":[{\"@type\":\"ListItem\",\"position\":1,\"name\":\"Home\",\"item\":\"https:\\\/\\\/nafentmagazine.com\\\/\"},{\"@type\":\"ListItem\",\"position\":2,\"name\":\"La Maglia: Creant punts naturals de trobada\"}]},{\"@type\":\"WebSite\",\"@id\":\"https:\\\/\\\/nafentmagazine.com\\\/#website\",\"url\":\"https:\\\/\\\/nafentmagazine.com\\\/\",\"name\":\"Nafent Magazine\",\"description\":\"The Catalan cycling magazine\",\"publisher\":{\"@id\":\"https:\\\/\\\/nafentmagazine.com\\\/#organization\"},\"alternateName\":\"Revista Nafent\",\"potentialAction\":[{\"@type\":\"SearchAction\",\"target\":{\"@type\":\"EntryPoint\",\"urlTemplate\":\"https:\\\/\\\/nafentmagazine.com\\\/?s={search_term_string}\"},\"query-input\":{\"@type\":\"PropertyValueSpecification\",\"valueRequired\":true,\"valueName\":\"search_term_string\"}}],\"inLanguage\":\"ca\"},{\"@type\":\"Organization\",\"@id\":\"https:\\\/\\\/nafentmagazine.com\\\/#organization\",\"name\":\"Nafent Magazine\",\"url\":\"https:\\\/\\\/nafentmagazine.com\\\/\",\"logo\":{\"@type\":\"ImageObject\",\"inLanguage\":\"ca\",\"@id\":\"https:\\\/\\\/nafentmagazine.com\\\/#\\\/schema\\\/logo\\\/image\\\/\",\"url\":\"https:\\\/\\\/nafentmagazine.com\\\/wp-content\\\/uploads\\\/2021\\\/12\\\/cropped-cropped-logo-full.png\",\"contentUrl\":\"https:\\\/\\\/nafentmagazine.com\\\/wp-content\\\/uploads\\\/2021\\\/12\\\/cropped-cropped-logo-full.png\",\"width\":900,\"height\":327,\"caption\":\"Nafent Magazine\"},\"image\":{\"@id\":\"https:\\\/\\\/nafentmagazine.com\\\/#\\\/schema\\\/logo\\\/image\\\/\"},\"sameAs\":[\"https:\\\/\\\/www.facebook.com\\\/Nafentmagazine\",\"https:\\\/\\\/www.instagram.com\\\/nafentmagazine\\\/\",\"https:\\\/\\\/www.linkedin.com\\\/company\\\/77097325\\\/\"]},{\"@type\":\"Person\",\"@id\":\"https:\\\/\\\/nafentmagazine.com\\\/#\\\/schema\\\/person\\\/a45ee4e209ce590b21bd80240f12e5c7\",\"name\":\"Sjors\",\"image\":{\"@type\":\"ImageObject\",\"inLanguage\":\"ca\",\"@id\":\"https:\\\/\\\/secure.gravatar.com\\\/avatar\\\/8068aedfbdc60f7ca11818b881a157d783dbbe20c7ea1419984cc4899555b0a9?s=96&d=mm&r=g\",\"url\":\"https:\\\/\\\/secure.gravatar.com\\\/avatar\\\/8068aedfbdc60f7ca11818b881a157d783dbbe20c7ea1419984cc4899555b0a9?s=96&d=mm&r=g\",\"contentUrl\":\"https:\\\/\\\/secure.gravatar.com\\\/avatar\\\/8068aedfbdc60f7ca11818b881a157d783dbbe20c7ea1419984cc4899555b0a9?s=96&d=mm&r=g\",\"caption\":\"Sjors\"},\"url\":\"https:\\\/\\\/nafentmagazine.com\\\/ca\\\/author\\\/sjors\\\/\"}]}<\/script>\n<!-- \/ Yoast SEO plugin. -->","yoast_head_json":{"title":"La Maglia: Creant punts naturals de trobada | Nafent Magazine","description":"Entre els ciclistes, La Maglia no \u00e9s nom\u00e9s una marca coneguda, sin\u00f3 tamb\u00e9 un punt de partida habitual per a les sortides pels voltants de Girona. El que va comen\u00e7ar com una petita cafeteria a Platja d\u2019Aro va cr\u00e9ixer r\u00e0pidament fins a convertir-se en un referent de l\u2019escena ciclista catalana, amb un nou punt de trobada al Velodrom Girona.","robots":{"index":"index","follow":"follow","max-snippet":"max-snippet:-1","max-image-preview":"max-image-preview:large","max-video-preview":"max-video-preview:-1"},"canonical":"https:\/\/nafentmagazine.com\/ca\/la-maglia-creant-punts-naturals-de-trobada\/","og_locale":"ca_ES","og_type":"article","og_title":"La Maglia: Creant punts naturals de trobada | Nafent Magazine","og_description":"Entre els ciclistes, La Maglia no \u00e9s nom\u00e9s una marca coneguda, sin\u00f3 tamb\u00e9 un punt de partida habitual per a les sortides pels voltants de Girona. El que va comen\u00e7ar com una petita cafeteria a Platja d\u2019Aro va cr\u00e9ixer r\u00e0pidament fins a convertir-se en un referent de l\u2019escena ciclista catalana, amb un nou punt de trobada al Velodrom Girona.","og_url":"https:\/\/nafentmagazine.com\/ca\/la-maglia-creant-punts-naturals-de-trobada\/","og_site_name":"Nafent Magazine","article_publisher":"https:\/\/www.facebook.com\/Nafentmagazine","article_published_time":"2026-09-03T07:01:23+00:00","og_image":[{"width":1741,"height":1082,"url":"https:\/\/nafentmagazine.com\/wp-content\/uploads\/2026\/09\/La-Maglia-Velodrom-Nafent.webp","type":"image\/webp"}],"author":"Sjors","twitter_card":"summary_large_image","twitter_misc":{"Escrit per":"Sjors","Temps estimat de lectura":"3 minuts"},"schema":{"@context":"https:\/\/schema.org","@graph":[{"@type":"Article","@id":"https:\/\/nafentmagazine.com\/ca\/la-maglia-creant-punts-naturals-de-trobada\/#article","isPartOf":{"@id":"https:\/\/nafentmagazine.com\/ca\/la-maglia-creant-punts-naturals-de-trobada\/"},"author":{"name":"Sjors","@id":"https:\/\/nafentmagazine.com\/#\/schema\/person\/a45ee4e209ce590b21bd80240f12e5c7"},"headline":"La Maglia: Creant punts naturals de trobada","datePublished":"2026-09-03T07:01:23+00:00","mainEntityOfPage":{"@id":"https:\/\/nafentmagazine.com\/ca\/la-maglia-creant-punts-naturals-de-trobada\/"},"wordCount":700,"publisher":{"@id":"https:\/\/nafentmagazine.com\/#organization"},"image":{"@id":"https:\/\/nafentmagazine.com\/ca\/la-maglia-creant-punts-naturals-de-trobada\/#primaryimage"},"thumbnailUrl":"https:\/\/nafentmagazine.com\/wp-content\/uploads\/2026\/09\/La-Maglia-Velodrom-Nafent.webp","keywords":["La Maglia","Velodrom"],"articleSection":["Ciclisme \ud83d\udeb4","Cultura del ciclisme","Menjar i nutrici\u00f3","Running \ud83c\udfc3"],"inLanguage":"ca"},{"@type":"WebPage","@id":"https:\/\/nafentmagazine.com\/ca\/la-maglia-creant-punts-naturals-de-trobada\/","url":"https:\/\/nafentmagazine.com\/ca\/la-maglia-creant-punts-naturals-de-trobada\/","name":"La Maglia: Creant punts naturals de trobada | Nafent Magazine","isPartOf":{"@id":"https:\/\/nafentmagazine.com\/#website"},"primaryImageOfPage":{"@id":"https:\/\/nafentmagazine.com\/ca\/la-maglia-creant-punts-naturals-de-trobada\/#primaryimage"},"image":{"@id":"https:\/\/nafentmagazine.com\/ca\/la-maglia-creant-punts-naturals-de-trobada\/#primaryimage"},"thumbnailUrl":"https:\/\/nafentmagazine.com\/wp-content\/uploads\/2026\/09\/La-Maglia-Velodrom-Nafent.webp","datePublished":"2026-09-03T07:01:23+00:00","description":"Entre els ciclistes, La Maglia no \u00e9s nom\u00e9s una marca coneguda, sin\u00f3 tamb\u00e9 un punt de partida habitual per a les sortides pels voltants de Girona. El que va comen\u00e7ar com una petita cafeteria a Platja d\u2019Aro va cr\u00e9ixer r\u00e0pidament fins a convertir-se en un referent de l\u2019escena ciclista catalana, amb un nou punt de trobada al Velodrom Girona.","breadcrumb":{"@id":"https:\/\/nafentmagazine.com\/ca\/la-maglia-creant-punts-naturals-de-trobada\/#breadcrumb"},"inLanguage":"ca","potentialAction":[{"@type":"ReadAction","target":["https:\/\/nafentmagazine.com\/ca\/la-maglia-creant-punts-naturals-de-trobada\/"]}]},{"@type":"ImageObject","inLanguage":"ca","@id":"https:\/\/nafentmagazine.com\/ca\/la-maglia-creant-punts-naturals-de-trobada\/#primaryimage","url":"https:\/\/nafentmagazine.com\/wp-content\/uploads\/2026\/09\/La-Maglia-Velodrom-Nafent.webp","contentUrl":"https:\/\/nafentmagazine.com\/wp-content\/uploads\/2026\/09\/La-Maglia-Velodrom-Nafent.webp","width":1741,"height":1082,"caption":"La Maglia Velodrom Nafent"},{"@type":"BreadcrumbList","@id":"https:\/\/nafentmagazine.com\/ca\/la-maglia-creant-punts-naturals-de-trobada\/#breadcrumb","itemListElement":[{"@type":"ListItem","position":1,"name":"Home","item":"https:\/\/nafentmagazine.com\/"},{"@type":"ListItem","position":2,"name":"La Maglia: Creant punts naturals de trobada"}]},{"@type":"WebSite","@id":"https:\/\/nafentmagazine.com\/#website","url":"https:\/\/nafentmagazine.com\/","name":"Nafent Magazine","description":"The Catalan cycling magazine","publisher":{"@id":"https:\/\/nafentmagazine.com\/#organization"},"alternateName":"Revista Nafent","potentialAction":[{"@type":"SearchAction","target":{"@type":"EntryPoint","urlTemplate":"https:\/\/nafentmagazine.com\/?s={search_term_string}"},"query-input":{"@type":"PropertyValueSpecification","valueRequired":true,"valueName":"search_term_string"}}],"inLanguage":"ca"},{"@type":"Organization","@id":"https:\/\/nafentmagazine.com\/#organization","name":"Nafent Magazine","url":"https:\/\/nafentmagazine.com\/","logo":{"@type":"ImageObject","inLanguage":"ca","@id":"https:\/\/nafentmagazine.com\/#\/schema\/logo\/image\/","url":"https:\/\/nafentmagazine.com\/wp-content\/uploads\/2021\/12\/cropped-cropped-logo-full.png","contentUrl":"https:\/\/nafentmagazine.com\/wp-content\/uploads\/2021\/12\/cropped-cropped-logo-full.png","width":900,"height":327,"caption":"Nafent Magazine"},"image":{"@id":"https:\/\/nafentmagazine.com\/#\/schema\/logo\/image\/"},"sameAs":["https:\/\/www.facebook.com\/Nafentmagazine","https:\/\/www.instagram.com\/nafentmagazine\/","https:\/\/www.linkedin.com\/company\/77097325\/"]},{"@type":"Person","@id":"https:\/\/nafentmagazine.com\/#\/schema\/person\/a45ee4e209ce590b21bd80240f12e5c7","name":"Sjors","image":{"@type":"ImageObject","inLanguage":"ca","@id":"https:\/\/secure.gravatar.com\/avatar\/8068aedfbdc60f7ca11818b881a157d783dbbe20c7ea1419984cc4899555b0a9?s=96&d=mm&r=g","url":"https:\/\/secure.gravatar.com\/avatar\/8068aedfbdc60f7ca11818b881a157d783dbbe20c7ea1419984cc4899555b0a9?s=96&d=mm&r=g","contentUrl":"https:\/\/secure.gravatar.com\/avatar\/8068aedfbdc60f7ca11818b881a157d783dbbe20c7ea1419984cc4899555b0a9?s=96&d=mm&r=g","caption":"Sjors"},"url":"https:\/\/nafentmagazine.com\/ca\/author\/sjors\/"}]}},"jetpack_featured_media_url":"https:\/\/nafentmagazine.com\/wp-content\/uploads\/2026\/09\/La-Maglia-Velodrom-Nafent.webp","jetpack_sharing_enabled":true,"_links":{"self":[{"href":"https:\/\/nafentmagazine.com\/ca\/wp-json\/wp\/v2\/posts\/14183","targetHints":{"allow":["GET"]}}],"collection":[{"href":"https:\/\/nafentmagazine.com\/ca\/wp-json\/wp\/v2\/posts"}],"about":[{"href":"https:\/\/nafentmagazine.com\/ca\/wp-json\/wp\/v2\/types\/post"}],"author":[{"embeddable":true,"href":"https:\/\/nafentmagazine.com\/ca\/wp-json\/wp\/v2\/users\/6"}],"replies":[{"embeddable":true,"href":"https:\/\/nafentmagazine.com\/ca\/wp-json\/wp\/v2\/comments?post=14183"}],"version-history":[{"count":1,"href":"https:\/\/nafentmagazine.com\/ca\/wp-json\/wp\/v2\/posts\/14183\/revisions"}],"predecessor-version":[{"id":14184,"href":"https:\/\/nafentmagazine.com\/ca\/wp-json\/wp\/v2\/posts\/14183\/revisions\/14184"}],"wp:featuredmedia":[{"embeddable":true,"href":"https:\/\/nafentmagazine.com\/ca\/wp-json\/wp\/v2\/media\/14153"}],"wp:attachment":[{"href":"https:\/\/nafentmagazine.com\/ca\/wp-json\/wp\/v2\/media?parent=14183"}],"wp:term":[{"taxonomy":"category","embeddable":true,"href":"https:\/\/nafentmagazine.com\/ca\/wp-json\/wp\/v2\/categories?post=14183"},{"taxonomy":"post_tag","embeddable":true,"href":"https:\/\/nafentmagazine.com\/ca\/wp-json\/wp\/v2\/tags?post=14183"}],"curies":[{"name":"wp","href":"https:\/\/api.w.org\/{rel}","templated":true}]}}