{"id":12250,"date":"2026-02-21T19:36:01","date_gmt":"2026-02-21T18:36:01","guid":{"rendered":"https:\/\/nafentmagazine.com\/bravissimo-cool-apartments-pedala-com-un-local-a-girona\/"},"modified":"2026-02-21T19:36:01","modified_gmt":"2026-02-21T18:36:01","slug":"bravissimo-cool-apartments-pedala-com-un-local-a-girona","status":"publish","type":"post","link":"https:\/\/nafentmagazine.com\/ca\/bravissimo-cool-apartments-pedala-com-un-local-a-girona\/","title":{"rendered":"Bravissimo Cool Apartments: Pedala com un local a Girona"},"content":{"rendered":"\t\t<div data-elementor-type=\"wp-post\" data-elementor-id=\"12250\" class=\"elementor elementor-12250 elementor-12235\">\n\t\t\t\t\t\t<section class=\"elementor-section elementor-top-section elementor-element elementor-element-59524fb5 elementor-section-full_width elementor-section-stretched elementor-section-height-default elementor-section-height-default\" data-id=\"59524fb5\" data-element_type=\"section\" data-e-type=\"section\" data-settings=\"{&quot;background_background&quot;:&quot;classic&quot;,&quot;stretch_section&quot;:&quot;section-stretched&quot;}\">\n\t\t\t\t\t\t\t<div class=\"elementor-background-overlay\"><\/div>\n\t\t\t\t\t\t\t<div class=\"elementor-container elementor-column-gap-no\">\n\t\t\t\t\t<div class=\"elementor-column elementor-col-100 elementor-top-column elementor-element elementor-element-6e69e010\" data-id=\"6e69e010\" data-element_type=\"column\" data-e-type=\"column\">\n\t\t\t<div class=\"elementor-widget-wrap\">\n\t\t\t\t\t\t\t<\/div>\n\t\t<\/div>\n\t\t\t\t\t<\/div>\n\t\t<\/section>\n\t\t\t\t<section class=\"elementor-section elementor-top-section elementor-element elementor-element-253d0f3f elementor-section-boxed elementor-section-height-default elementor-section-height-default\" data-id=\"253d0f3f\" data-element_type=\"section\" data-e-type=\"section\">\n\t\t\t\t\t\t<div class=\"elementor-container elementor-column-gap-default\">\n\t\t\t\t\t<div class=\"elementor-column elementor-col-100 elementor-top-column elementor-element elementor-element-6d406432\" data-id=\"6d406432\" data-element_type=\"column\" data-e-type=\"column\" data-settings=\"{&quot;background_background&quot;:&quot;classic&quot;}\">\n\t\t\t<div class=\"elementor-widget-wrap elementor-element-populated\">\n\t\t\t\t\t\t<div class=\"elementor-element elementor-element-6b6cb5c6 elementor-widget elementor-widget-heading\" data-id=\"6b6cb5c6\" data-element_type=\"widget\" data-e-type=\"widget\" data-widget_type=\"heading.default\">\n\t\t\t\t<div class=\"elementor-widget-container\">\n\t\t\t\t\t<h1 class=\"elementor-heading-title elementor-size-default\">Bravissimo Cool Apartments: Pedala com un local a Girona<\/h1>\t\t\t\t<\/div>\n\t\t\t\t<\/div>\n\t\t\t\t<div class=\"elementor-element elementor-element-6c013200 elementor-widget elementor-widget-text-editor\" data-id=\"6c013200\" data-element_type=\"widget\" data-e-type=\"widget\" data-widget_type=\"text-editor.default\">\n\t\t\t\t<div class=\"elementor-widget-container\">\n\t\t\t\t\t\t\t\t\t<p class=\"p1\"><b>Els carrers del Barri Vell de Girona encara dormen quan trec la bici al carrer a l\u2019alba, amb el clic met\u00e0l\u00b7lic de les cales ressonant sobre l\u2019empedrat antic. M\u2019hi enganxo, saludo les torres de la catedral i, en pocs minuts, estic pujant el port dels \u00c0ngels. L\u2019aire del mat\u00ed fa olor de pi mentre la ciutat es fon a sota, mostrant per qu\u00e8 aquesta joia catalana s\u2019ha convertit en la capital ciclista no oficial d\u2019Europa.  <\/b><b><\/b><\/p><p class=\"p1\">All\u00f2 que fa \u00fanica Girona no \u00e9s nom\u00e9s la qualitat de les seves rutes \u2014carreteres costaneres, ports pirinencs i pistes infinites de grava a menys d\u2019una hora\u2014, sin\u00f3 com la cultura ciclista s\u2019entrella\u00e7a amb la vida quotidiana. Despr\u00e9s d\u2019haver superat ascensions m\u00edtiques com la de Rocacorba, pots prendre un caf\u00e8 amb veterans del Tour de Fran\u00e7a a l\u2019Espresso Mafia, mentre les bicicletes descansen recolzades a les parets de pedra. <\/p>\t\t\t\t\t\t\t\t<\/div>\n\t\t\t\t<\/div>\n\t\t\t\t<div class=\"elementor-element elementor-element-2848facd elementor-widget elementor-widget-image\" data-id=\"2848facd\" data-element_type=\"widget\" data-e-type=\"widget\" data-widget_type=\"image.default\">\n\t\t\t\t<div class=\"elementor-widget-container\">\n\t\t\t\t\t\t\t\t\t\t\t\t\t\t\t<img fetchpriority=\"high\" decoding=\"async\" width=\"1024\" height=\"768\" src=\"https:\/\/nafentmagazine.com\/wp-content\/uploads\/2026\/02\/DSC_02613-1024x768.webp\" class=\"attachment-large size-large wp-image-12237\" alt=\"Ride in Girona\" srcset=\"https:\/\/nafentmagazine.com\/wp-content\/uploads\/2026\/02\/DSC_02613-1024x768.webp 1024w, https:\/\/nafentmagazine.com\/wp-content\/uploads\/2026\/02\/DSC_02613-300x225.webp 300w, https:\/\/nafentmagazine.com\/wp-content\/uploads\/2026\/02\/DSC_02613-768x576.webp 768w, https:\/\/nafentmagazine.com\/wp-content\/uploads\/2026\/02\/DSC_02613-1536x1152.webp 1536w, https:\/\/nafentmagazine.com\/wp-content\/uploads\/2026\/02\/DSC_02613-2048x1536.webp 2048w, https:\/\/nafentmagazine.com\/wp-content\/uploads\/2026\/02\/DSC_02613-600x450.webp 600w\" sizes=\"(max-width: 1024px) 100vw, 1024px\" \/>\t\t\t\t\t\t\t\t\t\t\t\t\t\t\t<\/div>\n\t\t\t\t<\/div>\n\t\t\t\t<div class=\"elementor-element elementor-element-28f8e485 elementor-widget elementor-widget-text-editor\" data-id=\"28f8e485\" data-element_type=\"widget\" data-e-type=\"widget\" data-widget_type=\"text-editor.default\">\n\t\t\t\t<div class=\"elementor-widget-container\">\n\t\t\t\t\t\t\t\t\t<p class=\"p1\">La varietat \u00e9s sorprenent. Pots seguir la l\u00ednia de la Costa Brava fins a Sant Feliu de Gu\u00edxols al mat\u00ed i, a la tarda, perdre\u2019t per les pistes de grava que s\u2019endinsen als boscos de les Gavarres. La primavera porta temperatures perfectes, carreteres tranquil\u00b7les i aquella llum daurada del Mediterrani que fa que cada sortida sembli una pel\u00b7l\u00edcula.  <\/p>\n<h2 class=\"p2\"><b>El teu camp base ciclista<\/b><b><\/b><\/h2>\n<p class=\"p1\">All\u00f2 que converteix una gran destinaci\u00f3 en una experi\u00e8ncia inoblidable \u00e9s la sensaci\u00f3 de tornar \u201ca casa\u201d despr\u00e9s d\u2019un dia llarg damunt la bici. Amb Bravissimo, vius al cor del Barri Vell, on l\u2019encant medieval es combina amb la comoditat moderna. <\/p><img decoding=\"async\" class=\"size-full wp-image-12241\" src=\"https:\/\/nafentmagazine.com\/wp-content\/uploads\/2026\/02\/JC_7597-scaled.webp\" alt=\"Ciclisme a Girona\" width=\"1708\" height=\"2560\" srcset=\"https:\/\/nafentmagazine.com\/wp-content\/uploads\/2026\/02\/JC_7597-scaled.webp 1708w, https:\/\/nafentmagazine.com\/wp-content\/uploads\/2026\/02\/JC_7597-200x300.webp 200w, https:\/\/nafentmagazine.com\/wp-content\/uploads\/2026\/02\/JC_7597-683x1024.webp 683w, https:\/\/nafentmagazine.com\/wp-content\/uploads\/2026\/02\/JC_7597-768x1151.webp 768w, https:\/\/nafentmagazine.com\/wp-content\/uploads\/2026\/02\/JC_7597-1025x1536.webp 1025w, https:\/\/nafentmagazine.com\/wp-content\/uploads\/2026\/02\/JC_7597-1366x2048.webp 1366w, https:\/\/nafentmagazine.com\/wp-content\/uploads\/2026\/02\/JC_7597-600x900.webp 600w\" sizes=\"(max-width: 1708px) 100vw, 1708px\" \/>&nbsp;<p class=\"p1\">No s\u00f3n habitacions d\u2019hotel: s\u00f3n apartaments cuidats fins al detall, amb una \u00e0nima genu\u00efnament gironina. Despr\u00e9s d\u2019una sortida de cent quil\u00f2metres, torna al teu espai amb cuina pr\u00f2pia, prepara un \u00e0pat de recuperaci\u00f3 amb productes frescos del mercat i tra\u00e7a la ruta de dem\u00e0 des de la tranquil\u00b7litat del teu balc\u00f3 amb vistes als graons de la catedral. <\/p>\n<p class=\"p1\">Cada detall est\u00e0 pensat per als ciclistes: apartaments adaptats, espais amplis per al material i lloc per desconnectar de deb\u00f2. Els lloguers mensuals converteixen Girona en m\u00e9s que unes vacances: en un estil de vida. El teu camp base per descobrir cada pujada amagada que ofereix Catalunya. <\/p>\n<h2 class=\"p2\"><b>El ritme giron\u00ed<\/b><b><\/b><\/h2>\n<p class=\"p1\">Els vespres mostren una altra cara d\u2019aquesta Meca ciclista. Els carrers empedrats s\u2019omplen de vida quan la gent surt a fer unes tapes a la pla\u00e7a de la Independ\u00e8ncia o s\u2019amaga en bars de vi amagats entre murs de pedra. \u00c9s aquest ritme \u2014pedalar fort, recuperar b\u00e9 i descobrir a fons\u2014 el que captiva el cor i fa que els ciclistes hi tornin temporada rere temporada.  <\/p>\n<p class=\"p1\">La primavera ja truca a la porta, i Girona est\u00e0 a punt. Amb Bravissimo com a base, no nom\u00e9s visitar\u00e0s aquest parad\u00eds ciclista \u2014el viur\u00e0s com un aut\u00e8ntic giron\u00ed. <\/p>\t\t\t\t\t\t\t\t<\/div>\n\t\t\t\t<\/div>\n\t\t\t\t<div class=\"elementor-element elementor-element-1a6e3a6 elementor-widget elementor-widget-heading\" data-id=\"1a6e3a6\" data-element_type=\"widget\" data-e-type=\"widget\" data-widget_type=\"heading.default\">\n\t\t\t\t<div class=\"elementor-widget-container\">\n\t\t\t\t\t<p class=\"elementor-heading-title elementor-size-default\">Hist\u00f2ries relacionades<\/p>\t\t\t\t<\/div>\n\t\t\t\t<\/div>\n\t\t\t\t<div class=\"elementor-element elementor-element-3cf8890e elementor-grid-eael-col-4 elementor-grid-tablet-eael-col-2 elementor-grid-mobile-eael-col-1 elementor-widget elementor-widget-eael-post-grid\" data-id=\"3cf8890e\" data-element_type=\"widget\" data-e-type=\"widget\" data-settings=\"{&quot;eael_post_grid_columns&quot;:&quot;eael-col-4&quot;,&quot;eael_post_grid_columns_tablet&quot;:&quot;eael-col-2&quot;,&quot;eael_post_grid_columns_mobile&quot;:&quot;eael-col-1&quot;}\" data-widget_type=\"eael-post-grid.default\">\n\t\t\t\t<div class=\"elementor-widget-container\">\n\t\t\t\t\t<div id=\"eael-post-grid-3cf8890e\" class=\"eael-post-grid-container\">\n            <div class=\"eael-post-grid eael-post-appender eael-post-appender-3cf8890e eael-post-grid-style-one\" data-layout-mode=\"grid\"><article class=\"eael-grid-post  eael-post-grid-column eael-pg-post-12873 category-bergueda-ciclisme-de-carretera-ciclisme tags-coll-de-pal-coll-de-pradell-la-creueta-rutes\" data-id=\"12873\">\n        <div class=\"eael-grid-post-holder\">\n            <div class=\"eael-grid-post-holder-inner\"><div class=\"eael-entry-media\"><div class=\"eael-entry-overlay fade-in\"><i class=\"\" aria-hidden=\"true\"><\/i><a href=\"https:\/\/nafentmagazine.com\/ca\/ports-del-bergueda-lalta-muntanya-silenciosa-del-ciclisme-catala\/\"><\/a><\/div><div class=\"eael-entry-thumbnail \">\n                <img decoding=\"async\" width=\"300\" height=\"200\" src=\"https:\/\/nafentmagazine.com\/wp-content\/uploads\/2026\/04\/colldepal-4-300x200.webp\" class=\"attachment-medium size-medium wp-image-12857\" alt=\"Coll de Pal Nafent\" srcset=\"https:\/\/nafentmagazine.com\/wp-content\/uploads\/2026\/04\/colldepal-4-300x200.webp 300w, https:\/\/nafentmagazine.com\/wp-content\/uploads\/2026\/04\/colldepal-4-1024x683.webp 1024w, https:\/\/nafentmagazine.com\/wp-content\/uploads\/2026\/04\/colldepal-4-768x512.webp 768w, https:\/\/nafentmagazine.com\/wp-content\/uploads\/2026\/04\/colldepal-4-1536x1024.webp 1536w, https:\/\/nafentmagazine.com\/wp-content\/uploads\/2026\/04\/colldepal-4-2048x1365.webp 2048w, https:\/\/nafentmagazine.com\/wp-content\/uploads\/2026\/04\/colldepal-4-600x400.webp 600w\" sizes=\"(max-width: 300px) 100vw, 300px\" \/>\n            <\/div>\n        <\/div><div class=\"eael-entry-wrapper\"><header class=\"eael-entry-header\"><p class=\"eael-entry-title\"><a class=\"eael-grid-post-link\" href=\"https:\/\/nafentmagazine.com\/ca\/ports-del-bergueda-lalta-muntanya-silenciosa-del-ciclisme-catala\/\" title=\"Ports del Bergued\u00e0: l\u2019alta muntanya silenciosa del ciclisme catal\u00e0\">Ports del Bergued\u00e0: l\u2019alta muntanya silenciosa del ciclisme catal\u00e0<\/a><\/p><\/header><\/div><\/div>\n        <\/div>\n    <\/article><article class=\"eael-grid-post  eael-post-grid-column eael-pg-post-12852 category-barcelona-ciclisme-ciclisme-running-%f0%9f%8f%83 tags-catalunya-ca\" data-id=\"12852\">\n        <div class=\"eael-grid-post-holder\">\n            <div class=\"eael-grid-post-holder-inner\"><div class=\"eael-entry-media\"><div class=\"eael-entry-overlay fade-in\"><i class=\"\" aria-hidden=\"true\"><\/i><a href=\"https:\/\/nafentmagazine.com\/ca\/nou-concepte-desport-de-resistencia-a-barcelona-bike-trail-challenge\/\"><\/a><\/div><div class=\"eael-entry-thumbnail \">\n                <img loading=\"lazy\" decoding=\"async\" width=\"300\" height=\"229\" src=\"https:\/\/nafentmagazine.com\/wp-content\/uploads\/2026\/04\/Nota-de-premsa-Endurance-Horizon-2026-21-300x229.webp\" class=\"attachment-medium size-medium wp-image-12842\" alt=\"\" srcset=\"https:\/\/nafentmagazine.com\/wp-content\/uploads\/2026\/04\/Nota-de-premsa-Endurance-Horizon-2026-21-300x229.webp 300w, https:\/\/nafentmagazine.com\/wp-content\/uploads\/2026\/04\/Nota-de-premsa-Endurance-Horizon-2026-21-1024x781.webp 1024w, https:\/\/nafentmagazine.com\/wp-content\/uploads\/2026\/04\/Nota-de-premsa-Endurance-Horizon-2026-21-768x586.webp 768w, https:\/\/nafentmagazine.com\/wp-content\/uploads\/2026\/04\/Nota-de-premsa-Endurance-Horizon-2026-21-600x458.webp 600w, https:\/\/nafentmagazine.com\/wp-content\/uploads\/2026\/04\/Nota-de-premsa-Endurance-Horizon-2026-21.webp 1300w\" sizes=\"(max-width: 300px) 100vw, 300px\" \/>\n            <\/div>\n        <\/div><div class=\"eael-entry-wrapper\"><header class=\"eael-entry-header\"><p class=\"eael-entry-title\"><a class=\"eael-grid-post-link\" href=\"https:\/\/nafentmagazine.com\/ca\/nou-concepte-desport-de-resistencia-a-barcelona-bike-trail-challenge\/\" title=\"Nou concepte d\u2019esport de resist\u00e8ncia a Barcelona: Bike &amp; Trail Challenge\">Nou concepte d\u2019esport de resist\u00e8ncia a Barcelona: Bike &amp; Trail Challenge<\/a><\/p><\/header><\/div><\/div>\n        <\/div>\n    <\/article><article class=\"eael-grid-post  eael-post-grid-column eael-pg-post-12819 category-ciclisme-cultura-del-ciclisme-entrevistes-histories-ripolles tags-campdevanol-coll-dares\" data-id=\"12819\">\n        <div class=\"eael-grid-post-holder\">\n            <div class=\"eael-grid-post-holder-inner\"><div class=\"eael-entry-media\"><div class=\"eael-entry-overlay fade-in\"><i class=\"\" aria-hidden=\"true\"><\/i><a href=\"https:\/\/nafentmagazine.com\/ca\/una-celebracio-especial-pels-40-anys-de-la-unio-ciclista-campdevanol\/\"><\/a><\/div><div class=\"eael-entry-thumbnail \">\n                <img loading=\"lazy\" decoding=\"async\" width=\"300\" height=\"226\" src=\"https:\/\/nafentmagazine.com\/wp-content\/uploads\/2026\/04\/669117675_1250670593717669_2538272599145134605_n-300x226.webp\" class=\"attachment-medium size-medium wp-image-12807\" alt=\"A special celebration for 40 years of Uni\u00f3 Ciclista Campdev\u00e0nol\" srcset=\"https:\/\/nafentmagazine.com\/wp-content\/uploads\/2026\/04\/669117675_1250670593717669_2538272599145134605_n-300x226.webp 300w, https:\/\/nafentmagazine.com\/wp-content\/uploads\/2026\/04\/669117675_1250670593717669_2538272599145134605_n-1024x771.webp 1024w, https:\/\/nafentmagazine.com\/wp-content\/uploads\/2026\/04\/669117675_1250670593717669_2538272599145134605_n-768x578.webp 768w, https:\/\/nafentmagazine.com\/wp-content\/uploads\/2026\/04\/669117675_1250670593717669_2538272599145134605_n-1536x1156.webp 1536w, https:\/\/nafentmagazine.com\/wp-content\/uploads\/2026\/04\/669117675_1250670593717669_2538272599145134605_n-600x452.webp 600w, https:\/\/nafentmagazine.com\/wp-content\/uploads\/2026\/04\/669117675_1250670593717669_2538272599145134605_n.webp 1600w\" sizes=\"(max-width: 300px) 100vw, 300px\" \/>\n            <\/div>\n        <\/div><div class=\"eael-entry-wrapper\"><header class=\"eael-entry-header\"><p class=\"eael-entry-title\"><a class=\"eael-grid-post-link\" href=\"https:\/\/nafentmagazine.com\/ca\/una-celebracio-especial-pels-40-anys-de-la-unio-ciclista-campdevanol\/\" title=\"Una celebraci\u00f3 especial pels 40 anys de la Uni\u00f3 Ciclista Campdev\u00e0nol\">Una celebraci\u00f3 especial pels 40 anys de la Uni\u00f3 Ciclista Campdev\u00e0nol<\/a><\/p><\/header><\/div><\/div>\n        <\/div>\n    <\/article><article class=\"eael-grid-post  eael-post-grid-column eael-pg-post-12794 category-cultura-del-ciclisme-histories-menjar-i-nutricio-viatges tags-besalu\" data-id=\"12794\">\n        <div class=\"eael-grid-post-holder\">\n            <div class=\"eael-grid-post-holder-inner\"><div class=\"eael-entry-media\"><div class=\"eael-entry-overlay fade-in\"><i class=\"\" aria-hidden=\"true\"><\/i><a href=\"https:\/\/nafentmagazine.com\/ca\/no-pots-apressar-la-fermentacio-ni-tampoc-una-bona-sortida\/\"><\/a><\/div><div class=\"eael-entry-thumbnail \">\n                <img loading=\"lazy\" decoding=\"async\" width=\"200\" height=\"300\" src=\"https:\/\/nafentmagazine.com\/wp-content\/uploads\/2026\/04\/Hopsters-Restaurant-Dec-25-86-200x300.webp\" class=\"attachment-medium size-medium wp-image-12777\" alt=\"Hopsters Restaurant Dec 25-86\" srcset=\"https:\/\/nafentmagazine.com\/wp-content\/uploads\/2026\/04\/Hopsters-Restaurant-Dec-25-86-200x300.webp 200w, https:\/\/nafentmagazine.com\/wp-content\/uploads\/2026\/04\/Hopsters-Restaurant-Dec-25-86-683x1024.webp 683w, https:\/\/nafentmagazine.com\/wp-content\/uploads\/2026\/04\/Hopsters-Restaurant-Dec-25-86-768x1152.webp 768w, https:\/\/nafentmagazine.com\/wp-content\/uploads\/2026\/04\/Hopsters-Restaurant-Dec-25-86-1024x1536.webp 1024w, https:\/\/nafentmagazine.com\/wp-content\/uploads\/2026\/04\/Hopsters-Restaurant-Dec-25-86-1365x2048.webp 1365w, https:\/\/nafentmagazine.com\/wp-content\/uploads\/2026\/04\/Hopsters-Restaurant-Dec-25-86-600x900.webp 600w, https:\/\/nafentmagazine.com\/wp-content\/uploads\/2026\/04\/Hopsters-Restaurant-Dec-25-86-scaled.webp 1707w\" sizes=\"(max-width: 200px) 100vw, 200px\" \/>\n            <\/div>\n        <\/div><div class=\"eael-entry-wrapper\"><header class=\"eael-entry-header\"><p class=\"eael-entry-title\"><a class=\"eael-grid-post-link\" href=\"https:\/\/nafentmagazine.com\/ca\/no-pots-apressar-la-fermentacio-ni-tampoc-una-bona-sortida\/\" title=\"&#8216;No pots apressar la fermentaci\u00f3, ni tampoc una bona sortida&#8217;\">&#8216;No pots apressar la fermentaci\u00f3, ni tampoc una bona sortida&#8217;<\/a><\/p><\/header><\/div><\/div>\n        <\/div>\n    <\/article><\/div>\n            <div class=\"clearfix\"><\/div>\n        <\/div>            <div class=\"eael-load-more-button-wrap eael-force-hide\">\n                <button class=\"eael-load-more-button\" id=\"eael-load-more-btn-3cf8890e\" data-widget-id=\"3cf8890e\" data-widget=\"3cf8890e\" data-page-id=\"12250\" data-template=\"{&quot;dir&quot;:&quot;lite&quot;,&quot;file_name&quot;:&quot;one.php&quot;,&quot;name&quot;:&quot;Post-Grid&quot;}\" data-class=\"Essential_Addons_Elementor\\Elements\\Post_Grid\" data-layout=\"grid\" data-page=\"1\" data-args=\"orderby=date&amp;order=desc&amp;ignore_sticky_posts=1&amp;post_status=publish&amp;posts_per_page=4&amp;offset=0&amp;post_type=post&amp;post__not_in%5B0%5D=626\" data-max-page=\"54\">\n                    <span class=\"eael-btn-loader button__loader\"><\/span>\n                    <span class=\"eael_load_more_text\">M\u00c9S INFORMACI\u00d3<\/span>\n                <\/button>\n            <\/div>\n            \t\t\t\t<\/div>\n\t\t\t\t<\/div>\n\t\t\t\t\t<\/div>\n\t\t<\/div>\n\t\t\t\t\t<\/div>\n\t\t<\/section>\n\t\t\t\t<\/div>\n\t\t","protected":false},"excerpt":{"rendered":"<p>Bravissimo Cool Apartments: Pedala com un local a Girona Els carrers del Barri Vell de Girona encara dormen quan trec la bici al carrer a l\u2019alba, amb el clic met\u00e0l\u00b7lic de les cales ressonant sobre l\u2019empedrat antic. M\u2019hi enganxo, saludo les torres de la catedral i, en pocs minuts, estic pujant el port dels \u00c0ngels. [&hellip;]<\/p>\n","protected":false},"author":6,"featured_media":12237,"comment_status":"closed","ping_status":"open","sticky":false,"template":"elementor_header_footer","format":"standard","meta":{"_ppp_document_settings_meta":"","site-sidebar-layout":"default","site-content-layout":"","ast-site-content-layout":"default","site-content-style":"default","site-sidebar-style":"default","ast-global-header-display":"","ast-banner-title-visibility":"","ast-main-header-display":"","ast-hfb-above-header-display":"","ast-hfb-below-header-display":"","ast-hfb-mobile-header-display":"","site-post-title":"","ast-breadcrumbs-content":"","ast-featured-img":"","footer-sml-layout":"","ast-disable-related-posts":"","theme-transparent-header-meta":"","adv-header-id-meta":"","stick-header-meta":"","header-above-stick-meta":"","header-main-stick-meta":"","header-below-stick-meta":"","astra-migrate-meta-layouts":"default","ast-page-background-enabled":"default","ast-page-background-meta":{"desktop":{"background-color":"","background-image":"","background-repeat":"repeat","background-position":"center center","background-size":"auto","background-attachment":"scroll","background-type":"","background-media":"","overlay-type":"","overlay-color":"","overlay-opacity":"","overlay-gradient":""},"tablet":{"background-color":"","background-image":"","background-repeat":"repeat","background-position":"center center","background-size":"auto","background-attachment":"scroll","background-type":"","background-media":"","overlay-type":"","overlay-color":"","overlay-opacity":"","overlay-gradient":""},"mobile":{"background-color":"","background-image":"","background-repeat":"repeat","background-position":"center center","background-size":"auto","background-attachment":"scroll","background-type":"","background-media":"","overlay-type":"","overlay-color":"","overlay-opacity":"","overlay-gradient":""}},"ast-content-background-meta":{"desktop":{"background-color":"var(--ast-global-color-5)","background-image":"","background-repeat":"repeat","background-position":"center center","background-size":"auto","background-attachment":"scroll","background-type":"","background-media":"","overlay-type":"","overlay-color":"","overlay-opacity":"","overlay-gradient":""},"tablet":{"background-color":"var(--ast-global-color-5)","background-image":"","background-repeat":"repeat","background-position":"center center","background-size":"auto","background-attachment":"scroll","background-type":"","background-media":"","overlay-type":"","overlay-color":"","overlay-opacity":"","overlay-gradient":""},"mobile":{"background-color":"var(--ast-global-color-5)","background-image":"","background-repeat":"repeat","background-position":"center center","background-size":"auto","background-attachment":"scroll","background-type":"","background-media":"","overlay-type":"","overlay-color":"","overlay-opacity":"","overlay-gradient":""}},"_jetpack_memberships_contains_paid_content":false,"footnotes":""},"categories":[258,249,267,60],"tags":[205,213],"class_list":["post-12250","post","type-post","status-publish","format-standard","has-post-thumbnail","hentry","category-ciclisma-a-catalunya","category-cultura-del-ciclisme","category-girona-ca","category-histories","tag-catalunya-ca","tag-girona-ca"],"yoast_head":"<!-- This site is optimized with the Yoast SEO plugin v27.4 - https:\/\/yoast.com\/product\/yoast-seo-wordpress\/ -->\n<title>Bravissimo Cool Apartments: Pedala com un local a Girona | Nafent Magazine<\/title>\n<meta name=\"description\" content=\"La primavera ja truca a la porta, i Girona est\u00e0 a punt. Amb Bravissimo com a base, no nom\u00e9s visitar\u00e0s aquest parad\u00eds ciclista \u2014el viur\u00e0s com un aut\u00e8ntic giron\u00ed.\" \/>\n<meta name=\"robots\" content=\"index, follow, max-snippet:-1, max-image-preview:large, max-video-preview:-1\" \/>\n<link rel=\"canonical\" href=\"https:\/\/nafentmagazine.com\/ca\/bravissimo-cool-apartments-pedala-com-un-local-a-girona\/\" \/>\n<meta property=\"og:locale\" content=\"ca_ES\" \/>\n<meta property=\"og:type\" content=\"article\" \/>\n<meta property=\"og:title\" content=\"Bravissimo Cool Apartments: Pedala com un local a Girona | Nafent Magazine\" \/>\n<meta property=\"og:description\" content=\"La primavera ja truca a la porta, i Girona est\u00e0 a punt. Amb Bravissimo com a base, no nom\u00e9s visitar\u00e0s aquest parad\u00eds ciclista \u2014el viur\u00e0s com un aut\u00e8ntic giron\u00ed.\" \/>\n<meta property=\"og:url\" content=\"https:\/\/nafentmagazine.com\/ca\/bravissimo-cool-apartments-pedala-com-un-local-a-girona\/\" \/>\n<meta property=\"og:site_name\" content=\"Nafent Magazine\" \/>\n<meta property=\"article:publisher\" content=\"https:\/\/www.facebook.com\/Nafentmagazine\" \/>\n<meta property=\"article:published_time\" content=\"2026-02-21T18:36:01+00:00\" \/>\n<meta property=\"og:image\" content=\"https:\/\/nafentmagazine.com\/wp-content\/uploads\/2026\/02\/DSC_02613-scaled-e1771695669108.webp\" \/>\n\t<meta property=\"og:image:width\" content=\"2560\" \/>\n\t<meta property=\"og:image:height\" content=\"1920\" \/>\n\t<meta property=\"og:image:type\" content=\"image\/webp\" \/>\n<meta name=\"author\" content=\"Sjors\" \/>\n<meta name=\"twitter:card\" content=\"summary_large_image\" \/>\n<meta name=\"twitter:label1\" content=\"Escrit per\" \/>\n\t<meta name=\"twitter:data1\" content=\"Sjors\" \/>\n\t<meta name=\"twitter:label2\" content=\"Temps estimat de lectura\" \/>\n\t<meta name=\"twitter:data2\" content=\"3 minuts\" \/>\n<script type=\"application\/ld+json\" class=\"yoast-schema-graph\">{\"@context\":\"https:\\\/\\\/schema.org\",\"@graph\":[{\"@type\":\"Article\",\"@id\":\"https:\\\/\\\/nafentmagazine.com\\\/ca\\\/bravissimo-cool-apartments-pedala-com-un-local-a-girona\\\/#article\",\"isPartOf\":{\"@id\":\"https:\\\/\\\/nafentmagazine.com\\\/ca\\\/bravissimo-cool-apartments-pedala-com-un-local-a-girona\\\/\"},\"author\":{\"name\":\"Sjors\",\"@id\":\"https:\\\/\\\/nafentmagazine.com\\\/#\\\/schema\\\/person\\\/a45ee4e209ce590b21bd80240f12e5c7\"},\"headline\":\"Bravissimo Cool Apartments: Pedala com un local a Girona\",\"datePublished\":\"2026-02-21T18:36:01+00:00\",\"mainEntityOfPage\":{\"@id\":\"https:\\\/\\\/nafentmagazine.com\\\/ca\\\/bravissimo-cool-apartments-pedala-com-un-local-a-girona\\\/\"},\"wordCount\":565,\"publisher\":{\"@id\":\"https:\\\/\\\/nafentmagazine.com\\\/#organization\"},\"image\":{\"@id\":\"https:\\\/\\\/nafentmagazine.com\\\/ca\\\/bravissimo-cool-apartments-pedala-com-un-local-a-girona\\\/#primaryimage\"},\"thumbnailUrl\":\"https:\\\/\\\/nafentmagazine.com\\\/wp-content\\\/uploads\\\/2026\\\/02\\\/DSC_02613-scaled-e1771695669108.webp\",\"keywords\":[\"Catalunya\",\"Girona\"],\"articleSection\":[\"Ciclisma a Catalunya\",\"Cultura del ciclisme\",\"Girona\",\"Hist\u00f2ries de Nafent Magazine\"],\"inLanguage\":\"ca\"},{\"@type\":\"WebPage\",\"@id\":\"https:\\\/\\\/nafentmagazine.com\\\/ca\\\/bravissimo-cool-apartments-pedala-com-un-local-a-girona\\\/\",\"url\":\"https:\\\/\\\/nafentmagazine.com\\\/ca\\\/bravissimo-cool-apartments-pedala-com-un-local-a-girona\\\/\",\"name\":\"Bravissimo Cool Apartments: Pedala com un local a Girona | Nafent Magazine\",\"isPartOf\":{\"@id\":\"https:\\\/\\\/nafentmagazine.com\\\/#website\"},\"primaryImageOfPage\":{\"@id\":\"https:\\\/\\\/nafentmagazine.com\\\/ca\\\/bravissimo-cool-apartments-pedala-com-un-local-a-girona\\\/#primaryimage\"},\"image\":{\"@id\":\"https:\\\/\\\/nafentmagazine.com\\\/ca\\\/bravissimo-cool-apartments-pedala-com-un-local-a-girona\\\/#primaryimage\"},\"thumbnailUrl\":\"https:\\\/\\\/nafentmagazine.com\\\/wp-content\\\/uploads\\\/2026\\\/02\\\/DSC_02613-scaled-e1771695669108.webp\",\"datePublished\":\"2026-02-21T18:36:01+00:00\",\"description\":\"La primavera ja truca a la porta, i Girona est\u00e0 a punt. Amb Bravissimo com a base, no nom\u00e9s visitar\u00e0s aquest parad\u00eds ciclista \u2014el viur\u00e0s com un aut\u00e8ntic giron\u00ed.\",\"breadcrumb\":{\"@id\":\"https:\\\/\\\/nafentmagazine.com\\\/ca\\\/bravissimo-cool-apartments-pedala-com-un-local-a-girona\\\/#breadcrumb\"},\"inLanguage\":\"ca\",\"potentialAction\":[{\"@type\":\"ReadAction\",\"target\":[\"https:\\\/\\\/nafentmagazine.com\\\/ca\\\/bravissimo-cool-apartments-pedala-com-un-local-a-girona\\\/\"]}]},{\"@type\":\"ImageObject\",\"inLanguage\":\"ca\",\"@id\":\"https:\\\/\\\/nafentmagazine.com\\\/ca\\\/bravissimo-cool-apartments-pedala-com-un-local-a-girona\\\/#primaryimage\",\"url\":\"https:\\\/\\\/nafentmagazine.com\\\/wp-content\\\/uploads\\\/2026\\\/02\\\/DSC_02613-scaled-e1771695669108.webp\",\"contentUrl\":\"https:\\\/\\\/nafentmagazine.com\\\/wp-content\\\/uploads\\\/2026\\\/02\\\/DSC_02613-scaled-e1771695669108.webp\",\"width\":2560,\"height\":1920,\"caption\":\"Ride in Girona\"},{\"@type\":\"BreadcrumbList\",\"@id\":\"https:\\\/\\\/nafentmagazine.com\\\/ca\\\/bravissimo-cool-apartments-pedala-com-un-local-a-girona\\\/#breadcrumb\",\"itemListElement\":[{\"@type\":\"ListItem\",\"position\":1,\"name\":\"Home\",\"item\":\"https:\\\/\\\/nafentmagazine.com\\\/\"},{\"@type\":\"ListItem\",\"position\":2,\"name\":\"Bravissimo Cool Apartments: Pedala com un local a Girona\"}]},{\"@type\":\"WebSite\",\"@id\":\"https:\\\/\\\/nafentmagazine.com\\\/#website\",\"url\":\"https:\\\/\\\/nafentmagazine.com\\\/\",\"name\":\"Nafent Magazine\",\"description\":\"The Catalan cycling magazine\",\"publisher\":{\"@id\":\"https:\\\/\\\/nafentmagazine.com\\\/#organization\"},\"alternateName\":\"Revista Nafent\",\"potentialAction\":[{\"@type\":\"SearchAction\",\"target\":{\"@type\":\"EntryPoint\",\"urlTemplate\":\"https:\\\/\\\/nafentmagazine.com\\\/?s={search_term_string}\"},\"query-input\":{\"@type\":\"PropertyValueSpecification\",\"valueRequired\":true,\"valueName\":\"search_term_string\"}}],\"inLanguage\":\"ca\"},{\"@type\":\"Organization\",\"@id\":\"https:\\\/\\\/nafentmagazine.com\\\/#organization\",\"name\":\"Nafent Magazine\",\"url\":\"https:\\\/\\\/nafentmagazine.com\\\/\",\"logo\":{\"@type\":\"ImageObject\",\"inLanguage\":\"ca\",\"@id\":\"https:\\\/\\\/nafentmagazine.com\\\/#\\\/schema\\\/logo\\\/image\\\/\",\"url\":\"https:\\\/\\\/nafentmagazine.com\\\/wp-content\\\/uploads\\\/2021\\\/12\\\/cropped-cropped-logo-full.png\",\"contentUrl\":\"https:\\\/\\\/nafentmagazine.com\\\/wp-content\\\/uploads\\\/2021\\\/12\\\/cropped-cropped-logo-full.png\",\"width\":900,\"height\":327,\"caption\":\"Nafent Magazine\"},\"image\":{\"@id\":\"https:\\\/\\\/nafentmagazine.com\\\/#\\\/schema\\\/logo\\\/image\\\/\"},\"sameAs\":[\"https:\\\/\\\/www.facebook.com\\\/Nafentmagazine\",\"https:\\\/\\\/www.instagram.com\\\/nafentmagazine\\\/\",\"https:\\\/\\\/www.linkedin.com\\\/company\\\/77097325\\\/\"]},{\"@type\":\"Person\",\"@id\":\"https:\\\/\\\/nafentmagazine.com\\\/#\\\/schema\\\/person\\\/a45ee4e209ce590b21bd80240f12e5c7\",\"name\":\"Sjors\",\"image\":{\"@type\":\"ImageObject\",\"inLanguage\":\"ca\",\"@id\":\"https:\\\/\\\/secure.gravatar.com\\\/avatar\\\/8068aedfbdc60f7ca11818b881a157d783dbbe20c7ea1419984cc4899555b0a9?s=96&d=mm&r=g\",\"url\":\"https:\\\/\\\/secure.gravatar.com\\\/avatar\\\/8068aedfbdc60f7ca11818b881a157d783dbbe20c7ea1419984cc4899555b0a9?s=96&d=mm&r=g\",\"contentUrl\":\"https:\\\/\\\/secure.gravatar.com\\\/avatar\\\/8068aedfbdc60f7ca11818b881a157d783dbbe20c7ea1419984cc4899555b0a9?s=96&d=mm&r=g\",\"caption\":\"Sjors\"},\"url\":\"https:\\\/\\\/nafentmagazine.com\\\/ca\\\/author\\\/sjors\\\/\"}]}<\/script>\n<!-- \/ Yoast SEO plugin. -->","yoast_head_json":{"title":"Bravissimo Cool Apartments: Pedala com un local a Girona | Nafent Magazine","description":"La primavera ja truca a la porta, i Girona est\u00e0 a punt. Amb Bravissimo com a base, no nom\u00e9s visitar\u00e0s aquest parad\u00eds ciclista \u2014el viur\u00e0s com un aut\u00e8ntic giron\u00ed.","robots":{"index":"index","follow":"follow","max-snippet":"max-snippet:-1","max-image-preview":"max-image-preview:large","max-video-preview":"max-video-preview:-1"},"canonical":"https:\/\/nafentmagazine.com\/ca\/bravissimo-cool-apartments-pedala-com-un-local-a-girona\/","og_locale":"ca_ES","og_type":"article","og_title":"Bravissimo Cool Apartments: Pedala com un local a Girona | Nafent Magazine","og_description":"La primavera ja truca a la porta, i Girona est\u00e0 a punt. Amb Bravissimo com a base, no nom\u00e9s visitar\u00e0s aquest parad\u00eds ciclista \u2014el viur\u00e0s com un aut\u00e8ntic giron\u00ed.","og_url":"https:\/\/nafentmagazine.com\/ca\/bravissimo-cool-apartments-pedala-com-un-local-a-girona\/","og_site_name":"Nafent Magazine","article_publisher":"https:\/\/www.facebook.com\/Nafentmagazine","article_published_time":"2026-02-21T18:36:01+00:00","og_image":[{"width":2560,"height":1920,"url":"https:\/\/nafentmagazine.com\/wp-content\/uploads\/2026\/02\/DSC_02613-scaled-e1771695669108.webp","type":"image\/webp"}],"author":"Sjors","twitter_card":"summary_large_image","twitter_misc":{"Escrit per":"Sjors","Temps estimat de lectura":"3 minuts"},"schema":{"@context":"https:\/\/schema.org","@graph":[{"@type":"Article","@id":"https:\/\/nafentmagazine.com\/ca\/bravissimo-cool-apartments-pedala-com-un-local-a-girona\/#article","isPartOf":{"@id":"https:\/\/nafentmagazine.com\/ca\/bravissimo-cool-apartments-pedala-com-un-local-a-girona\/"},"author":{"name":"Sjors","@id":"https:\/\/nafentmagazine.com\/#\/schema\/person\/a45ee4e209ce590b21bd80240f12e5c7"},"headline":"Bravissimo Cool Apartments: Pedala com un local a Girona","datePublished":"2026-02-21T18:36:01+00:00","mainEntityOfPage":{"@id":"https:\/\/nafentmagazine.com\/ca\/bravissimo-cool-apartments-pedala-com-un-local-a-girona\/"},"wordCount":565,"publisher":{"@id":"https:\/\/nafentmagazine.com\/#organization"},"image":{"@id":"https:\/\/nafentmagazine.com\/ca\/bravissimo-cool-apartments-pedala-com-un-local-a-girona\/#primaryimage"},"thumbnailUrl":"https:\/\/nafentmagazine.com\/wp-content\/uploads\/2026\/02\/DSC_02613-scaled-e1771695669108.webp","keywords":["Catalunya","Girona"],"articleSection":["Ciclisma a Catalunya","Cultura del ciclisme","Girona","Hist\u00f2ries de Nafent Magazine"],"inLanguage":"ca"},{"@type":"WebPage","@id":"https:\/\/nafentmagazine.com\/ca\/bravissimo-cool-apartments-pedala-com-un-local-a-girona\/","url":"https:\/\/nafentmagazine.com\/ca\/bravissimo-cool-apartments-pedala-com-un-local-a-girona\/","name":"Bravissimo Cool Apartments: Pedala com un local a Girona | Nafent Magazine","isPartOf":{"@id":"https:\/\/nafentmagazine.com\/#website"},"primaryImageOfPage":{"@id":"https:\/\/nafentmagazine.com\/ca\/bravissimo-cool-apartments-pedala-com-un-local-a-girona\/#primaryimage"},"image":{"@id":"https:\/\/nafentmagazine.com\/ca\/bravissimo-cool-apartments-pedala-com-un-local-a-girona\/#primaryimage"},"thumbnailUrl":"https:\/\/nafentmagazine.com\/wp-content\/uploads\/2026\/02\/DSC_02613-scaled-e1771695669108.webp","datePublished":"2026-02-21T18:36:01+00:00","description":"La primavera ja truca a la porta, i Girona est\u00e0 a punt. Amb Bravissimo com a base, no nom\u00e9s visitar\u00e0s aquest parad\u00eds ciclista \u2014el viur\u00e0s com un aut\u00e8ntic giron\u00ed.","breadcrumb":{"@id":"https:\/\/nafentmagazine.com\/ca\/bravissimo-cool-apartments-pedala-com-un-local-a-girona\/#breadcrumb"},"inLanguage":"ca","potentialAction":[{"@type":"ReadAction","target":["https:\/\/nafentmagazine.com\/ca\/bravissimo-cool-apartments-pedala-com-un-local-a-girona\/"]}]},{"@type":"ImageObject","inLanguage":"ca","@id":"https:\/\/nafentmagazine.com\/ca\/bravissimo-cool-apartments-pedala-com-un-local-a-girona\/#primaryimage","url":"https:\/\/nafentmagazine.com\/wp-content\/uploads\/2026\/02\/DSC_02613-scaled-e1771695669108.webp","contentUrl":"https:\/\/nafentmagazine.com\/wp-content\/uploads\/2026\/02\/DSC_02613-scaled-e1771695669108.webp","width":2560,"height":1920,"caption":"Ride in Girona"},{"@type":"BreadcrumbList","@id":"https:\/\/nafentmagazine.com\/ca\/bravissimo-cool-apartments-pedala-com-un-local-a-girona\/#breadcrumb","itemListElement":[{"@type":"ListItem","position":1,"name":"Home","item":"https:\/\/nafentmagazine.com\/"},{"@type":"ListItem","position":2,"name":"Bravissimo Cool Apartments: Pedala com un local a Girona"}]},{"@type":"WebSite","@id":"https:\/\/nafentmagazine.com\/#website","url":"https:\/\/nafentmagazine.com\/","name":"Nafent Magazine","description":"The Catalan cycling magazine","publisher":{"@id":"https:\/\/nafentmagazine.com\/#organization"},"alternateName":"Revista Nafent","potentialAction":[{"@type":"SearchAction","target":{"@type":"EntryPoint","urlTemplate":"https:\/\/nafentmagazine.com\/?s={search_term_string}"},"query-input":{"@type":"PropertyValueSpecification","valueRequired":true,"valueName":"search_term_string"}}],"inLanguage":"ca"},{"@type":"Organization","@id":"https:\/\/nafentmagazine.com\/#organization","name":"Nafent Magazine","url":"https:\/\/nafentmagazine.com\/","logo":{"@type":"ImageObject","inLanguage":"ca","@id":"https:\/\/nafentmagazine.com\/#\/schema\/logo\/image\/","url":"https:\/\/nafentmagazine.com\/wp-content\/uploads\/2021\/12\/cropped-cropped-logo-full.png","contentUrl":"https:\/\/nafentmagazine.com\/wp-content\/uploads\/2021\/12\/cropped-cropped-logo-full.png","width":900,"height":327,"caption":"Nafent Magazine"},"image":{"@id":"https:\/\/nafentmagazine.com\/#\/schema\/logo\/image\/"},"sameAs":["https:\/\/www.facebook.com\/Nafentmagazine","https:\/\/www.instagram.com\/nafentmagazine\/","https:\/\/www.linkedin.com\/company\/77097325\/"]},{"@type":"Person","@id":"https:\/\/nafentmagazine.com\/#\/schema\/person\/a45ee4e209ce590b21bd80240f12e5c7","name":"Sjors","image":{"@type":"ImageObject","inLanguage":"ca","@id":"https:\/\/secure.gravatar.com\/avatar\/8068aedfbdc60f7ca11818b881a157d783dbbe20c7ea1419984cc4899555b0a9?s=96&d=mm&r=g","url":"https:\/\/secure.gravatar.com\/avatar\/8068aedfbdc60f7ca11818b881a157d783dbbe20c7ea1419984cc4899555b0a9?s=96&d=mm&r=g","contentUrl":"https:\/\/secure.gravatar.com\/avatar\/8068aedfbdc60f7ca11818b881a157d783dbbe20c7ea1419984cc4899555b0a9?s=96&d=mm&r=g","caption":"Sjors"},"url":"https:\/\/nafentmagazine.com\/ca\/author\/sjors\/"}]}},"jetpack_featured_media_url":"https:\/\/nafentmagazine.com\/wp-content\/uploads\/2026\/02\/DSC_02613-scaled-e1771695669108.webp","jetpack_sharing_enabled":true,"_links":{"self":[{"href":"https:\/\/nafentmagazine.com\/ca\/wp-json\/wp\/v2\/posts\/12250","targetHints":{"allow":["GET"]}}],"collection":[{"href":"https:\/\/nafentmagazine.com\/ca\/wp-json\/wp\/v2\/posts"}],"about":[{"href":"https:\/\/nafentmagazine.com\/ca\/wp-json\/wp\/v2\/types\/post"}],"author":[{"embeddable":true,"href":"https:\/\/nafentmagazine.com\/ca\/wp-json\/wp\/v2\/users\/6"}],"replies":[{"embeddable":true,"href":"https:\/\/nafentmagazine.com\/ca\/wp-json\/wp\/v2\/comments?post=12250"}],"version-history":[{"count":1,"href":"https:\/\/nafentmagazine.com\/ca\/wp-json\/wp\/v2\/posts\/12250\/revisions"}],"predecessor-version":[{"id":12251,"href":"https:\/\/nafentmagazine.com\/ca\/wp-json\/wp\/v2\/posts\/12250\/revisions\/12251"}],"wp:featuredmedia":[{"embeddable":true,"href":"https:\/\/nafentmagazine.com\/ca\/wp-json\/wp\/v2\/media\/12237"}],"wp:attachment":[{"href":"https:\/\/nafentmagazine.com\/ca\/wp-json\/wp\/v2\/media?parent=12250"}],"wp:term":[{"taxonomy":"category","embeddable":true,"href":"https:\/\/nafentmagazine.com\/ca\/wp-json\/wp\/v2\/categories?post=12250"},{"taxonomy":"post_tag","embeddable":true,"href":"https:\/\/nafentmagazine.com\/ca\/wp-json\/wp\/v2\/tags?post=12250"}],"curies":[{"name":"wp","href":"https:\/\/api.w.org\/{rel}","templated":true}]}}